{"id":11728,"date":"2022-12-30T13:06:49","date_gmt":"2022-12-30T12:06:49","guid":{"rendered":"https:\/\/www.blog.apasionada.eu\/?p=11728"},"modified":"2026-04-08T07:15:58","modified_gmt":"2026-04-08T07:15:58","slug":"calendario-apasionada-2023","status":"publish","type":"post","link":"https:\/\/www.apasionada.es\/blog\/calendario-apasionada-2023\/","title":{"rendered":"Calendario Apasionada\u00ae 2023"},"content":{"rendered":"\n<div class=\"et_pb_section_0 et_pb_section et_section_regular et_block_section\"><div class=\"et_pb_row_0 et_pb_row et_block_row\"><div class=\"et_pb_column_0 et_pb_column et_pb_column_1_2 et_block_column et_pb_css_mix_blend_mode_passthrough\"><div class=\"et_pb_video_0 et_pb_video et_pb_module et_block_module\"><div class=\"et_pb_video_box\"><video controls><source type=\"video\/mp4\" src=\"https:\/\/www.blog.apasionada.eu\/wp-content\/uploads\/2022\/12\/CalendarioApasionada2023-video.mp4\" \/><\/video><\/div><\/div><\/div><div class=\"et_pb_column_1 et_pb_column et_pb_column_1_2 et-last-child et_block_column et_pb_css_mix_blend_mode_passthrough\"><div class=\"et_pb_text_0 et_pb_text et_pb_bg_layout_light et_pb_module et_block_module\"><div class=\"et_pb_text_inner\"><h1>Volvemos con m\u00e1s fuerza que nunca<\/h1>\n<p style=\"text-align: justify;\">2023 empieza con toda la ilusi\u00f3n para conseguir un mundo m\u00e1s sexy. Llegan nuevos tiempos para nuestra marca que traer\u00e1n muchas novedades.<\/p>\n<h3>Recuperamos el rojo y la elegancia de siempre<\/h3>\n<p style=\"text-align: justify;\">Nuestro dise\u00f1ador Andy Lucas de Logocrea\u00ae ha optado en esta ocasi\u00f3n por un dise\u00f1o elegante, inspirado en el grafito y el brillo de part\u00edculas oscuras y brillantes al mismo tiempo, dando como resultado una atm\u00f3sfera m\u00e1gica.<\/p>\n<p style=\"text-align: justify;\">Desde hoy ya puedes disfrutar de nuestro\u00a0 <strong>#CalendarioApasionada2023<\/strong>.<\/p>\n<p style=\"text-align: justify;\">Un trabajo de fotograf\u00eda y dise\u00f1o de Andy Lucas. Todos los derechos reservados.<\/p>\n<p style=\"text-align: justify;\">Descarga ya el calendario e impr\u00edmelo en alta calidad. Es nuestro regalo de a\u00f1o nuevo para ti.<\/p>\n<h3><\/h3>\n<\/div><\/div><div class=\"et_pb_text_1 et_pb_text et_pb_bg_layout_light et_animated et_pb_module et_block_module\"><div class=\"et_pb_text_inner\"><h3>Recuerda seguirnos en las redes sociales<\/h3>\n<\/div><\/div><ul class=\"et_pb_social_media_follow_0 et_pb_social_media_follow clearfix et_pb_bg_layout_light et_animated et_pb_module et_block_module\"><li class=\"et_pb_social_media_follow_network_0 et_pb_social_media_follow_network et_pb_social_icon et_pb_social_network_link et-pb-social-fa-icon et-social-tiktok et_pb_module et_flex_module\"><a href=\"https:\/\/www.tiktok.com\/@apasionadals\/\" class=\"icon\" target=\"_self\" title=\"Seguir en Tiktok\" rel=\"noopener\"><span class=\"et_pb_social_media_follow_network_name\">Seguir<\/span><\/a><\/li><li class=\"et_pb_social_media_follow_network_1 et_pb_social_media_follow_network et_pb_social_icon et_pb_social_network_link et-social-facebook et_pb_module et_flex_module\"><a href=\"https:\/\/www.facebook.com\/apasionadals\/\" class=\"icon\" target=\"_self\" title=\"Seguir en Facebook\" rel=\"noopener\"><span class=\"et_pb_social_media_follow_network_name\">Seguir<\/span><\/a><\/li><li class=\"et_pb_social_media_follow_network_2 et_pb_social_media_follow_network et_pb_social_icon et_pb_social_network_link et-social-instagram et_pb_module et_flex_module\"><a href=\"https:\/\/www.instagram.com\/apasionadals\/\" class=\"icon\" target=\"_self\" title=\"Seguir en Instagram\" rel=\"noopener\"><span class=\"et_pb_social_media_follow_network_name\">Seguir<\/span><\/a><\/li><li class=\"et_pb_social_media_follow_network_3 et_pb_social_media_follow_network et_pb_social_icon et_pb_social_network_link et-social-twitter et_pb_module et_flex_module\"><a href=\"https:\/\/www.twitter.com\/apasionadals\/\" class=\"icon\" target=\"_self\" title=\"Seguir en Twitter\" rel=\"noopener\"><span class=\"et_pb_social_media_follow_network_name\">Seguir<\/span><\/a><\/li><\/ul><\/div><\/div><div class=\"et_pb_row_1 et_pb_row et_block_row\"><div class=\"et_pb_column_2 et_pb_column et_pb_column_3_5 et_block_column et_pb_css_mix_blend_mode_passthrough\"><div class=\"et_pb_cta_0 et_pb_promo et_pb_bg_layout_dark et_pb_module et_block_module\"><div class=\"et_pb_promo_description\"><h2 class=\"et_pb_module_header\">Descarga gratis tu calendario<\/h2><div class=\"et_pb_promo_content\"><p>En alta resoluci\u00f3n, preparado para la impresi\u00f3n.<\/p>\n<p>[lockercat]<a href=\"https:\/\/www.blog.apasionada.eu\/wp-content\/uploads\/2022\/12\/calendario-apasionada2023-completo.pdf\">Enlace de descarga<\/a>[\/lockercat]<\/p>\n<p>AVISO:\u00a0Queda completamente prohibido el uso de este calendario con fines comerciales, ya sea en su totalidad o de forma parcial.<\/p>\n<p>&nbsp;<\/p>\n<\/div><\/div><\/div><div class=\"et_pb_text_2 et_pb_text et_pb_bg_layout_light et_pb_module et_block_module\"><div class=\"et_pb_text_inner\"><p>[l2g name=\u00bbDesc\u00e1rgate el #CalendarioApasionada2023\u00bb id=\u00bb11740\u2033 facebook=\u00bbtrue\u00bb twitter=\u00bbtrue\u00bb gplusone=\u00bbfalse\u00bb]<\/p>\n<\/div><\/div><\/div><div class=\"et_pb_column_3 et_pb_column et_pb_column_2_5 et-last-child et_block_column et_pb_css_mix_blend_mode_passthrough\"><div class=\"et_pb_image_0 et_pb_image et_pb_module et_block_module\"><span class=\"et_pb_image_wrap\"><img decoding=\"async\" src=\"https:\/\/www.blog.apasionada.eu\/wp-content\/uploads\/2022\/12\/minicalendario2023-gif.gif\" title=\"minicalendario2023-gif\" \/><\/span><\/div><div class=\"et_pb_text_3 et_pb_text et_pb_bg_layout_light et_pb_module et_block_module\"><div class=\"et_pb_text_inner\"><h3>Recuerda twittearnos con el Hastag <a href=\"https:\/\/twitter.com\/search?q=%23CalendarioApasionada2021&amp;src=typd\" target=\"_blank\" rel=\"noopener noreferrer\">#CalendarioApasionada2022<\/a><\/h3>\n<p>Fotograf\u00eda y Dise\u00f1o gr\u00e1fico Andy Lucas<\/p>\n<p><a href=\"http:\/\/youfoto.es\" target=\"_blank\" rel=\"noopener noreferrer\">Youfoto.es<\/a> | <a href=\"http:\/\/logocrea.com\" target=\"_blank\" rel=\"noopener noreferrer\">Logocrea.com<\/a><\/p>\n<\/div><\/div><div class=\"et_pb_text_4 et_pb_text et_pb_bg_layout_light et_pb_module et_block_module\"><div class=\"et_pb_text_inner\"><p>MiniCalendario Apasionada\u00ae 2023 con Ana Bel\u00e9n Espejo<\/p>\n<\/div><\/div><\/div><\/div><div class=\"et_pb_row_2 et_pb_row et_block_row\"><div class=\"et_pb_column_4 et_pb_column et_pb_column_1_2 et_block_column et_pb_css_mix_blend_mode_passthrough\"><div class=\"et_pb_image_1 et_pb_image et_pb_module et_block_module\"><span class=\"et_pb_image_wrap\"><img decoding=\"async\" src=\"https:\/\/www.blog.apasionada.eu\/wp-content\/uploads\/2022\/12\/01-p.jpg\" title=\"Calendario Apasionada\u00ae 2023. Dise\u00f1o de Logocrea\u00ae\" \/><\/span><\/div><div class=\"et_pb_text_5 et_pb_text et_pb_bg_layout_light et_pb_module et_block_module\"><div class=\"et_pb_text_inner\"><p style=\"text-align: center;\">Enero - Marzo de 2023: Modelo Ana Bel\u00e9n Espejo<\/p>\n<\/div><\/div><\/div><div class=\"et_pb_column_5 et_pb_column et_pb_column_1_2 et-last-child et_block_column et_pb_css_mix_blend_mode_passthrough\"><div class=\"et_pb_image_2 et_pb_image et_pb_module et_block_module\"><span class=\"et_pb_image_wrap\"><img decoding=\"async\" src=\"https:\/\/www.blog.apasionada.eu\/wp-content\/uploads\/2022\/12\/02-p.jpg\" title=\"Calendario Apasionada\u00ae 2023. Dise\u00f1o de Logocrea\u00ae\" \/><\/span><\/div><div class=\"et_pb_text_6 et_pb_text et_pb_bg_layout_light et_pb_module et_block_module\"><div class=\"et_pb_text_inner\"><p style=\"text-align: center;\">Abril - Junio 2023: Modelo Alma Del Rey<\/p>\n<\/div><\/div><\/div><\/div><div class=\"et_pb_row_3 et_pb_row et_block_row\"><div class=\"et_pb_column_6 et_pb_column et_pb_column_1_2 et_block_column et_pb_css_mix_blend_mode_passthrough\"><div class=\"et_pb_image_3 et_pb_image et_pb_module et_block_module\"><span class=\"et_pb_image_wrap\"><img decoding=\"async\" src=\"https:\/\/www.blog.apasionada.eu\/wp-content\/uploads\/2022\/12\/03-p.jpg\" title=\"Calendario Apasionada\u00ae 2023. Dise\u00f1o de Logocrea\u00ae\" \/><\/span><\/div><div class=\"et_pb_text_7 et_pb_text et_pb_bg_layout_light et_pb_module et_block_module\"><div class=\"et_pb_text_inner\"><p style=\"text-align: center;\">Julio - Septiembre de 2023: Modelo Ana Bel\u00e9n Espejo<\/p>\n<\/div><\/div><\/div><div class=\"et_pb_column_7 et_pb_column et_pb_column_1_2 et-last-child et_block_column et_pb_css_mix_blend_mode_passthrough\"><div class=\"et_pb_image_4 et_pb_image et_pb_module et_block_module\"><span class=\"et_pb_image_wrap\"><img decoding=\"async\" src=\"https:\/\/www.blog.apasionada.eu\/wp-content\/uploads\/2022\/12\/04-p.jpg\" title=\"Calendario Apasionada\u00ae 2023. Dise\u00f1o de Logocrea\u00ae\" \/><\/span><\/div><div class=\"et_pb_text_8 et_pb_text et_pb_bg_layout_light et_pb_module et_block_module\"><div class=\"et_pb_text_inner\"><p style=\"text-align: center;\">Octubre - Diciembre 2023: Modelo Alma Del Rey<\/p>\n<\/div><\/div><\/div><\/div><\/div>\n","protected":false},"excerpt":{"rendered":"","protected":false},"author":3,"featured_media":11731,"comment_status":"open","ping_status":"open","sticky":false,"template":"","format":"standard","meta":{"footnotes":""},"categories":[1],"tags":[],"class_list":["post-11728","post","type-post","status-publish","format-standard","has-post-thumbnail","hentry","category-uncategorized"],"_links":{"self":[{"href":"https:\/\/www.apasionada.es\/blog\/wp-json\/wp\/v2\/posts\/11728","targetHints":{"allow":["GET"]}}],"collection":[{"href":"https:\/\/www.apasionada.es\/blog\/wp-json\/wp\/v2\/posts"}],"about":[{"href":"https:\/\/www.apasionada.es\/blog\/wp-json\/wp\/v2\/types\/post"}],"author":[{"embeddable":true,"href":"https:\/\/www.apasionada.es\/blog\/wp-json\/wp\/v2\/users\/3"}],"replies":[{"embeddable":true,"href":"https:\/\/www.apasionada.es\/blog\/wp-json\/wp\/v2\/comments?post=11728"}],"version-history":[{"count":11,"href":"https:\/\/www.apasionada.es\/blog\/wp-json\/wp\/v2\/posts\/11728\/revisions"}],"predecessor-version":[{"id":11866,"href":"https:\/\/www.apasionada.es\/blog\/wp-json\/wp\/v2\/posts\/11728\/revisions\/11866"}],"wp:featuredmedia":[{"embeddable":true,"href":"https:\/\/www.apasionada.es\/blog\/wp-json\/wp\/v2\/media\/11731"}],"wp:attachment":[{"href":"https:\/\/www.apasionada.es\/blog\/wp-json\/wp\/v2\/media?parent=11728"}],"wp:term":[{"taxonomy":"category","embeddable":true,"href":"https:\/\/www.apasionada.es\/blog\/wp-json\/wp\/v2\/categories?post=11728"},{"taxonomy":"post_tag","embeddable":true,"href":"https:\/\/www.apasionada.es\/blog\/wp-json\/wp\/v2\/tags?post=11728"}],"curies":[{"name":"wp","href":"https:\/\/api.w.org\/{rel}","templated":true}]}}