{"id":11688,"date":"2022-01-11T19:16:35","date_gmt":"2022-01-11T18:16:35","guid":{"rendered":"https:\/\/www.blog.apasionada.eu\/?p=11688"},"modified":"2026-04-08T07:15:56","modified_gmt":"2026-04-08T07:15:56","slug":"calendario-apasionada-2022","status":"publish","type":"post","link":"https:\/\/www.apasionada.es\/blog\/calendario-apasionada-2022\/","title":{"rendered":"Calendario Apasionada\u00ae 2022"},"content":{"rendered":"\n<div class=\"et_pb_section_0 et_pb_section et_section_regular et_block_section\"><div class=\"et_pb_row_0 et_pb_row et_block_row\"><div class=\"et_pb_column_0 et_pb_column et_pb_column_1_2 et_block_column et_pb_css_mix_blend_mode_passthrough\"><div class=\"et_pb_image_0 et_pb_image et_pb_image_sticky et_pb_module et_block_module\"><a href=\"https:\/\/www.blog.apasionada.eu\/calendario2021\/calendario-apasionada-2021-web.pdf\" target=\"_blank\"><span class=\"et_pb_image_wrap\"><img decoding=\"async\" src=\"https:\/\/www.blog.apasionada.eu\/wp-content\/uploads\/2022\/01\/00-portada-p.jpg\" title=\"Calendario Apasionada\u00ae 2022\" \/><\/span><\/a><\/div><\/div><div class=\"et_pb_column_1 et_pb_column et_pb_column_1_2 et-last-child et_block_column et_pb_css_mix_blend_mode_passthrough\"><div class=\"et_pb_text_0 et_pb_text et_pb_bg_layout_light et_pb_module et_block_module\"><div class=\"et_pb_text_inner\"><h1>El calendario de la reina de corazones<\/h1>\n<p style=\"text-align: justify;\">Llega 2022, un nuevo a\u00f1o que promete ser un nuevo comienzo en muchas cosas, entre ellas los festivales, que siguen en par\u00e9ntesis desde aquel Oporto 2020. En ese sentido, nuestro esfuerzo se ha centrado en un dise\u00f1o basado en la reina de corazones, que en tantas ocasiones ha lucido Ana Bel\u00e9n su disfraz a lo largo de toda la geograf\u00eda de la pen\u00ednsula ib\u00e9rica.<\/p>\n<h3>Basado en la baraja de naipes<\/h3>\n<p style=\"text-align: justify;\">Nuestro dise\u00f1ador Andy Lucas de Logocrea\u00ae ha creado un dise\u00f1o basado en las cartas, y en concreto en los naipes. Aparecen en la portada, pero tambi\u00e9n en todos los meses, con elementos propios de la baraja.<\/p>\n<p style=\"text-align: justify;\">Desde hoy ya puedes disfrutar de nuestro\u00a0 <strong>#CalendarioApasionada2022<\/strong>.<\/p>\n<p style=\"text-align: justify;\">Un trabajo de fotograf\u00eda y dise\u00f1o de Andy Lucas. Todos los derechos reservados.<\/p>\n<p style=\"text-align: justify;\">Descarga ya el calendario e impr\u00edmelo en alta calidad. Es nuestro regalo de a\u00f1o nuevo para ti.<\/p>\n<h3>\u00a0<\/h3>\n<\/div><\/div><\/div><\/div><div class=\"et_pb_row_1 et_pb_row et_block_row\"><div class=\"et_pb_column_2 et_pb_column et_pb_column_3_5 et_block_column et_pb_css_mix_blend_mode_passthrough\"><div class=\"et_pb_text_1 et_pb_text et_pb_bg_layout_light et_pb_module et_block_module\"><div class=\"et_pb_text_inner\"><h3>Recuerda twittearnos con el Hastag <a href=\"https:\/\/twitter.com\/search?q=%23CalendarioApasionada2021&amp;src=typd\" target=\"_blank\" rel=\"noopener noreferrer\">#CalendarioApasionada2022<\/a><\/h3>\n<p>Fotograf\u00eda y Dise\u00f1o gr\u00e1fico Andy Lucas<\/p>\n<p><a href=\"http:\/\/youfoto.es\" target=\"_blank\" rel=\"noopener noreferrer\">Youfoto.es<\/a> | <a href=\"http:\/\/logocrea.com\" target=\"_blank\" rel=\"noopener noreferrer\">Logocrea.com<\/a><\/p>\n<\/div><\/div><div class=\"et_pb_cta_0 et_pb_promo et_pb_bg_layout_dark et_pb_module et_block_module\"><div class=\"et_pb_promo_description\"><h2 class=\"et_pb_module_header\">Descarga gratis tu calendario<\/h2><div class=\"et_pb_promo_content\"><p>Podr\u00edas visualizarlo en PDF o imprimirlo en alta resoluci\u00f3n.\u00a0<\/p>\n<p>\u00a1No olvides seguirnos en Facebook, Twitter e Instagram!<\/p>\n<p>AVISO:\u00a0Queda completamente prohibido el uso de este calendario con fines comerciales, ya sea en su totalidad o de forma parcial.<\/p>\n<\/div><\/div><div class=\"et_pb_button_wrapper\"><a class=\"et_pb_button et_pb_promo_button\" target=\"_blank\" href=\"https:\/\/www.blog.apasionada.eu\/calendario2022\/calendario-apasionada2022-p.pdf\" data-icon=\";\" rel=\"noreferrer\">Versi\u00f3n para impresi\u00f3n<\/a><\/div><\/div><\/div><div class=\"et_pb_column_3 et_pb_column et_pb_column_2_5 et-last-child et_block_column et_pb_css_mix_blend_mode_passthrough\"><div class=\"et_pb_image_1 et_pb_image et_pb_module et_block_module\"><span class=\"et_pb_image_wrap\"><img decoding=\"async\" src=\"https:\/\/www.blog.apasionada.eu\/wp-content\/uploads\/2020\/12\/minicalendario2022-rrss.gif\" title=\"minicalendario2022-rrss\" \/><\/span><\/div><div class=\"et_pb_text_2 et_pb_text et_pb_bg_layout_light et_pb_module et_block_module\"><div class=\"et_pb_text_inner\"><p>MiniCalendario Apasionada\u00ae 2022 con Ana Bel\u00e9n Espejo<\/p>\n<\/div><\/div><\/div><\/div><div class=\"et_pb_row_2 et_pb_row et_block_row\"><div class=\"et_pb_column_4 et_pb_column et_pb_column_1_2 et_block_column et_pb_css_mix_blend_mode_passthrough\"><div class=\"et_pb_image_2 et_pb_image et_pb_module et_block_module\"><a href=\"https:\/\/www.blog.apasionada.eu\/wp-content\/uploads\/2022\/01\/01-enero-junio-p.jpg\" class=\"et_pb_lightbox_image\"><span class=\"et_pb_image_wrap\"><img decoding=\"async\" src=\"https:\/\/www.blog.apasionada.eu\/wp-content\/uploads\/2022\/01\/01-enero-junio-p.jpg\" title=\"Calendario Apasionada\u00ae 2022\" \/><\/span><\/a><\/div><div class=\"et_pb_text_3 et_pb_text et_pb_bg_layout_light et_pb_module et_block_module\"><div class=\"et_pb_text_inner\"><p style=\"text-align: center;\">Enero - Junio de 2022<\/p>\n<\/div><\/div><\/div><div class=\"et_pb_column_5 et_pb_column et_pb_column_1_2 et-last-child et_block_column et_pb_css_mix_blend_mode_passthrough\"><div class=\"et_pb_image_3 et_pb_image et_pb_module et_block_module\"><a href=\"https:\/\/www.blog.apasionada.eu\/wp-content\/uploads\/2022\/01\/02-julio-diciembre-p.jpg\" class=\"et_pb_lightbox_image\"><span class=\"et_pb_image_wrap\"><img decoding=\"async\" src=\"https:\/\/www.blog.apasionada.eu\/wp-content\/uploads\/2022\/01\/02-julio-diciembre-p.jpg\" title=\"Calendario Apasionada\u00ae 2022\" \/><\/span><\/a><\/div><div class=\"et_pb_text_4 et_pb_text et_pb_bg_layout_light et_pb_module et_block_module\"><div class=\"et_pb_text_inner\"><p style=\"text-align: center;\">Julio - Diciembre 2022<\/p>\n<\/div><\/div><\/div><\/div><\/div>\n","protected":false},"excerpt":{"rendered":"","protected":false},"author":3,"featured_media":11694,"comment_status":"open","ping_status":"open","sticky":false,"template":"","format":"standard","meta":{"footnotes":""},"categories":[1],"tags":[],"class_list":["post-11688","post","type-post","status-publish","format-standard","has-post-thumbnail","hentry","category-uncategorized"],"_links":{"self":[{"href":"https:\/\/www.apasionada.es\/blog\/wp-json\/wp\/v2\/posts\/11688","targetHints":{"allow":["GET"]}}],"collection":[{"href":"https:\/\/www.apasionada.es\/blog\/wp-json\/wp\/v2\/posts"}],"about":[{"href":"https:\/\/www.apasionada.es\/blog\/wp-json\/wp\/v2\/types\/post"}],"author":[{"embeddable":true,"href":"https:\/\/www.apasionada.es\/blog\/wp-json\/wp\/v2\/users\/3"}],"replies":[{"embeddable":true,"href":"https:\/\/www.apasionada.es\/blog\/wp-json\/wp\/v2\/comments?post=11688"}],"version-history":[{"count":10,"href":"https:\/\/www.apasionada.es\/blog\/wp-json\/wp\/v2\/posts\/11688\/revisions"}],"predecessor-version":[{"id":11864,"href":"https:\/\/www.apasionada.es\/blog\/wp-json\/wp\/v2\/posts\/11688\/revisions\/11864"}],"wp:featuredmedia":[{"embeddable":true,"href":"https:\/\/www.apasionada.es\/blog\/wp-json\/wp\/v2\/media\/11694"}],"wp:attachment":[{"href":"https:\/\/www.apasionada.es\/blog\/wp-json\/wp\/v2\/media?parent=11688"}],"wp:term":[{"taxonomy":"category","embeddable":true,"href":"https:\/\/www.apasionada.es\/blog\/wp-json\/wp\/v2\/categories?post=11688"},{"taxonomy":"post_tag","embeddable":true,"href":"https:\/\/www.apasionada.es\/blog\/wp-json\/wp\/v2\/tags?post=11688"}],"curies":[{"name":"wp","href":"https:\/\/api.w.org\/{rel}","templated":true}]}}