{"id":11564,"date":"2020-02-24T21:19:24","date_gmt":"2020-02-24T20:19:24","guid":{"rendered":"https:\/\/www.blog.apasionada.eu\/?p=11564"},"modified":"2026-04-08T07:15:53","modified_gmt":"2026-04-08T07:15:53","slug":"apasionada-expondra-en-eros-porto-2020","status":"publish","type":"post","link":"https:\/\/www.apasionada.es\/blog\/apasionada-expondra-en-eros-porto-2020\/","title":{"rendered":"Apasionada expondr\u00e1 en Eros Porto 2020"},"content":{"rendered":"<div class=\"et_pb_section_0 et_pb_section et_section_regular et_block_section\"><div class=\"et_pb_row_0 et_pb_row et_block_row\"><div class=\"et_pb_column_0 et_pb_column et_pb_column_1_2 et_block_column et_pb_css_mix_blend_mode_passthrough\"><div class=\"et_pb_image_0 et_pb_image et_pb_module et_block_module\"><span class=\"et_pb_image_wrap\"><img decoding=\"async\" src=\"https:\/\/www.blog.apasionada.eu\/wp-content\/uploads\/2019\/09\/premio-mejorstand-seb2018.jpg\" \/><\/span><\/div><div class=\"et_pb_text_0 et_pb_text et_pb_bg_layout_light et_pb_module et_block_module\"><div class=\"et_pb_text_inner\"><p>Foto: Galard\u00f3n como mejor stand del Sal\u00f3n Er\u00f3tico de Barcelona 2018<\/p>\n<\/div><\/div><\/div><div class=\"et_pb_column_1 et_pb_column et_pb_column_1_2 et-last-child et_block_column et_pb_css_mix_blend_mode_passthrough\"><div class=\"et_pb_text_1 et_pb_text et_pb_bg_layout_light et_pb_module et_block_module\"><div class=\"et_pb_text_inner\"><h1>Busca el stand de luces rojas \u00a1en Portugal!<\/h1>\n<p style=\"text-align: justify;\">Tenemos el placer de confirmaros, que al igual que los \u00faltimos 4 a\u00f1os, Apasionada\u00ae volver\u00e1 a estar presente en Eros Porto, el sal\u00f3n er\u00f3tico m\u00e1s importante de Portugal, en la preciosa ciudad de Oporto. La novedad de este a\u00f1o es que montaremos un stand lleno de decoraci\u00f3n y rincones para fotos, con la lencer\u00eda m\u00e1s sexy y rom\u00e1ntica al mejor precio.<\/p>\n<p style=\"text-align: justify;\">Este a\u00f1o tambi\u00e9n es especial, por el juego que la organizaci\u00f3n le ha dado al Sal\u00f3n, con la incorporaci\u00f3n de 3 zonas diferenciadas, cada una con su propia filosof\u00eda y un nivel de atrevimiento diferente: Inocente, marota y perversa. Adem\u00e1s, supone la incorporaci\u00f3n del feminismo al mundo del contenido para adultos, m\u00faltiples charlas, talleres, clases... en definitiva, un poco de educaci\u00f3n sexual a trav\u00e9s de un evento sin complejos ni tab\u00faes. Apasionada tiene mucho que decir al respecto, ya que vendemos ropa para mujeres, de todas las edades y de todas las tallas. Lo que nos importa es que ellas se sientan sexys y atrevidas, \u00bfy por qu\u00e9 no? deseadas, si quieren.<\/p>\n<\/div><\/div><\/div><\/div><div class=\"et_pb_row_1 et_pb_row et_block_row\"><div class=\"et_pb_column_2 et_pb_column et_pb_column_1_2 et_block_column et_pb_css_mix_blend_mode_passthrough\"><div class=\"et_pb_text_2 et_pb_text et_pb_bg_layout_light et_pb_module et_block_module\"><div class=\"et_pb_text_inner\"><p style=\"text-align: justify;\">En el marco del sal\u00f3n er\u00f3tico tendr\u00e1 cita, la 24 edici\u00f3n del <strong>Desfile internacional de moda er\u00f3tica<\/strong>, con las modelos del sal\u00f3n luciendo las prendas m\u00e1s impactantes y sexys. No te lo puedes perder el S\u00e1bado 7 de Marzo. Os confirmaremos el horario en redes sociales. \u00a1Atent@s!<\/p>\n<p>B\u00fascanos en el Slow Sex Area (Zona Marota) en el stand de luces rojas.<\/p>\n<\/div><\/div><\/div><div class=\"et_pb_column_3 et_pb_column et_pb_column_1_2 et-last-child et_block_column et_pb_css_mix_blend_mode_passthrough\"><div class=\"et_pb_image_1 et_pb_image et_pb_module et_block_module\"><span class=\"et_pb_image_wrap\"><img decoding=\"async\" src=\"https:\/\/www.blog.apasionada.eu\/wp-content\/uploads\/2019\/04\/apasionada-erosporto2019-041.jpg\" \/><\/span><\/div><div class=\"et_pb_text_3 et_pb_text et_pb_bg_layout_light et_pb_module et_block_module\"><div class=\"et_pb_text_inner\"><p>Foto: Eros Porto 2019 con V\u00edktor Rom<\/p>\n<\/div><\/div><\/div><\/div><div class=\"et_pb_row_2 et_pb_row et_block_row\"><div class=\"et_pb_column_4 et_pb_column et_pb_column_4_4 et-last-child et_block_column et_pb_css_mix_blend_mode_passthrough\"><div class=\"et_pb_cta_0 et_pb_promo et_pb_bg_layout_dark et_pb_module et_block_module\"><div class=\"et_pb_promo_description\"><h2 class=\"et_pb_module_header\">Compra tu entrada<\/h2><div class=\"et_pb_promo_content\"><p>Si quieres m\u00e1s informaci\u00f3n sobre el evento Eros Porto 2020 o comprar la entrada, entra en la p\u00e1gina oficial.<\/p>\n<\/div><\/div><div class=\"et_pb_button_wrapper\"><a class=\"et_pb_button et_pb_promo_button\" target=\"_blank\" href=\"https:\/\/www.erosporto.com\/\" rel=\"noreferrer\">Eros Porto<\/a><\/div><\/div><\/div><\/div><div class=\"et_pb_row_3 et_pb_row et_block_row\"><div class=\"et_pb_column_5 et_pb_column et_pb_column_4_4 et-last-child et_block_column et_pb_css_mix_blend_mode_passthrough\"><div class=\"et_pb_text_4 et_pb_text et_pb_bg_layout_light et_pb_module et_block_module\"><div class=\"et_pb_text_inner\"><h3>C\u00f3mo llegar<\/h3>\n<\/div><\/div><div class=\"et_pb_code_0 et_pb_code et_pb_module\"><div class=\"et_pb_code_inner\"><iframe loading=\"lazy\" src=\"https:\/\/www.google.com\/maps\/embed?pb=!1m18!1m12!1m3!1d3002.1250703065352!2d-8.69299899859224!3d41.19724676562125!2m3!1f0!2f0!3f0!3m2!1i1024!2i768!4f13.1!3m3!1m2!1s0xd246887efcbf357%3A0x476e753e16918d0d!2sExponor%20-%20Porto%20International%20Fair!5e0!3m2!1ses!2ses!4v1582575385624!5m2!1ses!2ses\" width=\"100%\" height=\"450\" frameborder=\"0\" style=\"border:0;\" allowfullscreen=\"\"><\/iframe><\/div><\/div><\/div><\/div><\/div>","protected":false},"excerpt":{"rendered":"","protected":false},"author":3,"featured_media":11565,"comment_status":"open","ping_status":"open","sticky":false,"template":"","format":"standard","meta":{"footnotes":""},"categories":[1],"tags":[],"class_list":["post-11564","post","type-post","status-publish","format-standard","has-post-thumbnail","hentry","category-uncategorized"],"_links":{"self":[{"href":"https:\/\/www.apasionada.es\/blog\/wp-json\/wp\/v2\/posts\/11564","targetHints":{"allow":["GET"]}}],"collection":[{"href":"https:\/\/www.apasionada.es\/blog\/wp-json\/wp\/v2\/posts"}],"about":[{"href":"https:\/\/www.apasionada.es\/blog\/wp-json\/wp\/v2\/types\/post"}],"author":[{"embeddable":true,"href":"https:\/\/www.apasionada.es\/blog\/wp-json\/wp\/v2\/users\/3"}],"replies":[{"embeddable":true,"href":"https:\/\/www.apasionada.es\/blog\/wp-json\/wp\/v2\/comments?post=11564"}],"version-history":[{"count":6,"href":"https:\/\/www.apasionada.es\/blog\/wp-json\/wp\/v2\/posts\/11564\/revisions"}],"predecessor-version":[{"id":11862,"href":"https:\/\/www.apasionada.es\/blog\/wp-json\/wp\/v2\/posts\/11564\/revisions\/11862"}],"wp:featuredmedia":[{"embeddable":true,"href":"https:\/\/www.apasionada.es\/blog\/wp-json\/wp\/v2\/media\/11565"}],"wp:attachment":[{"href":"https:\/\/www.apasionada.es\/blog\/wp-json\/wp\/v2\/media?parent=11564"}],"wp:term":[{"taxonomy":"category","embeddable":true,"href":"https:\/\/www.apasionada.es\/blog\/wp-json\/wp\/v2\/categories?post=11564"},{"taxonomy":"post_tag","embeddable":true,"href":"https:\/\/www.apasionada.es\/blog\/wp-json\/wp\/v2\/tags?post=11564"}],"curies":[{"name":"wp","href":"https:\/\/api.w.org\/{rel}","templated":true}]}}