{"id":11526,"date":"2019-12-31T14:10:52","date_gmt":"2019-12-31T13:10:52","guid":{"rendered":"https:\/\/www.blog.apasionada.eu\/?p=11526"},"modified":"2026-04-08T07:15:52","modified_gmt":"2026-04-08T07:15:52","slug":"calendario-apasionada-2020","status":"publish","type":"post","link":"https:\/\/www.apasionada.es\/blog\/calendario-apasionada-2020\/","title":{"rendered":"Calendario Apasionada\u00ae 2020"},"content":{"rendered":"\n<div class=\"et_pb_section_0 et_pb_section et_section_regular et_block_section\"><div class=\"et_pb_row_0 et_pb_row et_block_row\"><div class=\"et_pb_column_0 et_pb_column et_pb_column_1_2 et_block_column et_pb_css_mix_blend_mode_passthrough\"><div class=\"et_pb_image_0 et_pb_image et_pb_image_sticky et_pb_module et_block_module\"><span class=\"et_pb_image_wrap\"><img decoding=\"async\" src=\"https:\/\/www.blog.apasionada.eu\/wp-content\/uploads\/2019\/12\/00-portada-scaled.jpg\" \/><\/span><\/div><\/div><div class=\"et_pb_column_1 et_pb_column et_pb_column_1_2 et-last-child et_block_column et_pb_css_mix_blend_mode_passthrough\"><div class=\"et_pb_text_0 et_pb_text et_pb_bg_layout_light et_pb_module et_block_module\"><div class=\"et_pb_text_inner\"><h1>Llega uno de los calendarios m\u00e1s esperados<\/h1>\n<p>Si de algo destaca el Calendario Apasionada es en la elegancia y en protagonismo absoluto de nuestras modelos. Ya es un acontecimiento anual la llegada de un calendario cargado de glamour. Lo bueno se hace esperar. Hoy, \u00faltimo d\u00eda del a\u00f1o, presentamos en primicia el <strong>#CalendarioApasionada2020<\/strong>.\u00a0<\/p>\n<p>Desde este post queremos agradecer (por orden de aparici\u00f3n) a <strong>Helena Kramer, Ana Bel\u00e9n Espejo, Ayesa X, Giselle Montes, Pamela S\u00e1nchez, Alma del Rey y M\u00eda Mar\u00edn por su gran trabajo como modelos del calendario de este a\u00f1o.\u00a0<\/strong><\/p>\n<p>Un trabajo de fotograf\u00eda y dise\u00f1o de Andy Lucas de <a href=\"https:\/\/www.logocrea.com\" target=\"_blank\" rel=\"noopener noreferrer\">www.logocrea.com<\/a>. Todos los derechos reservados.<\/p>\n<p>Descarga ya el <strong>Calendario Apasionada 2020<\/strong> e impr\u00edmelo en alta calidad. Es nuestro regalo de a\u00f1o nuevo para ti.<\/p>\n<\/div><\/div><div class=\"et_pb_module et_pb_button_module_wrapper et_pb_button_0_wrapper\"><a class=\"et_pb_button_0 et_pb_button et_pb_bg_layout_light et_pb_module et_block_module\" href=\"https:\/\/www.blog.apasionada.eu\/wp-content\/uploads\/2019\/12\/CalendarioApasionada2020.pdf\" data-icon=\"\ue092\">Descarga el Calendario Apasionada 2020<\/a><\/div><\/div><\/div><div class=\"et_pb_row_1 et_pb_row et_block_row\"><div class=\"et_pb_column_2 et_pb_column et_pb_column_4_4 et-last-child et_block_column et_pb_css_mix_blend_mode_passthrough\"><div class=\"et_pb_text_1 et_pb_text et_pb_bg_layout_light et_pb_module et_block_module\"><div class=\"et_pb_text_inner\"><p>[flipbook id=\"14\"]<\/p>\n<\/div><\/div><\/div><\/div><div class=\"et_pb_row_2 et_pb_row et_block_row\"><div class=\"et_pb_column_3 et_pb_column et_pb_column_1_2 et_block_column et_pb_css_mix_blend_mode_passthrough\"><div class=\"et_pb_text_2 et_pb_text et_pb_bg_layout_light et_pb_module et_block_module\"><div class=\"et_pb_text_inner\"><p>En orden de aparici\u00f3n, estas son nuestras chicas Apasionada 2020:<\/p>\n<ul>\n<li>Helena Kramer<\/li>\n<li>Ana Bel\u00e9n Espejo<\/li>\n<li>Ayesa X<\/li>\n<li>Giselle Montes<\/li>\n<li>Pamela S\u00e1nchez<\/li>\n<li>Alma del Rey<\/li>\n<li>M\u00eda Mar\u00edn<\/li>\n<\/ul>\n<\/div><\/div><\/div><div class=\"et_pb_column_4 et_pb_column et_pb_column_1_2 et-last-child et_block_column et_pb_css_mix_blend_mode_passthrough\"><div class=\"et_pb_text_3 et_pb_text et_pb_bg_layout_light et_pb_module et_block_module\"><div class=\"et_pb_text_inner\"><h3>Recuerda twittearnos y comentar en Instagram con<a href=\"https:\/\/twitter.com\/search?q=%23CalendarioApasionada2017&amp;src=typd\" target=\"_blank\" rel=\"noopener noreferrer\"> #CalendarioApasionada202<\/a>0<\/h3>\n<p>Fotograf\u00eda y Dise\u00f1o gr\u00e1fico Andy Lucas\u00a0<a href=\"http:\/\/logocrea.com\" target=\"_blank\" rel=\"noopener noreferrer\">Logocrea.com<\/a><\/p>\n<\/div><\/div><\/div><\/div><div class=\"et_pb_row_3 et_pb_row et_block_row\"><div class=\"et_pb_column_5 et_pb_column et_pb_column_4_4 et-last-child et_block_column et_pb_css_mix_blend_mode_passthrough\"><div class=\"et_pb_text_4 et_pb_text et_pb_bg_layout_light et_pb_module et_block_module\"><div class=\"et_pb_text_inner\">\n\t\t<style type=\"text\/css\">\n\t\t\t#gallery-1 {\n\t\t\t\tmargin: auto;\n\t\t\t}\n\t\t\t#gallery-1 .gallery-item {\n\t\t\t\tfloat: left;\n\t\t\t\tmargin-top: 10px;\n\t\t\t\ttext-align: center;\n\t\t\t\twidth: 50%;\n\t\t\t}\n\t\t\t#gallery-1 img {\n\t\t\t\tborder: 2px solid #cfcfcf;\n\t\t\t}\n\t\t\t#gallery-1 .gallery-caption {\n\t\t\t\tmargin-left: 0;\n\t\t\t}\n\t\t\t\/* see gallery_shortcode() in wp-includes\/media.php *\/\n\t\t<\/style>\n\t\t<div id='gallery-1' class='gallery galleryid-11526 gallery-columns-2 gallery-size-large'><dl class='gallery-item'>\n\t\t\t<dt class='gallery-icon portrait'>\n\t\t\t\t<a href='https:\/\/www.apasionada.es\/blog\/wp-content\/uploads\/2019\/12\/01-enero-helena-1.jpg'><img loading=\"lazy\" decoding=\"async\" width=\"700\" height=\"969\" src=\"https:\/\/www.apasionada.es\/blog\/wp-content\/uploads\/2019\/12\/01-enero-helena-1-700x969.jpg\" class=\"attachment-large size-large\" alt=\"\" aria-describedby=\"gallery-1-11544\" \/><\/a>\n\t\t\t<\/dt>\n\t\t\t\t<dd class='wp-caption-text gallery-caption' id='gallery-1-11544'>\n\t\t\t\tEnero 2020 | Helena Kramer\n\t\t\t\t<\/dd><\/dl><dl class='gallery-item'>\n\t\t\t<dt class='gallery-icon portrait'>\n\t\t\t\t<a href='https:\/\/www.apasionada.es\/blog\/wp-content\/uploads\/2019\/12\/02-febrero-ana-1.jpg'><img loading=\"lazy\" decoding=\"async\" width=\"700\" height=\"969\" src=\"https:\/\/www.apasionada.es\/blog\/wp-content\/uploads\/2019\/12\/02-febrero-ana-1-700x969.jpg\" class=\"attachment-large size-large\" alt=\"\" aria-describedby=\"gallery-1-11545\" \/><\/a>\n\t\t\t<\/dt>\n\t\t\t\t<dd class='wp-caption-text gallery-caption' id='gallery-1-11545'>\n\t\t\t\tFebrero 2020 | Ana Bel\u00e9n Espejo\n\t\t\t\t<\/dd><\/dl><br style=\"clear: both\" \/><dl class='gallery-item'>\n\t\t\t<dt class='gallery-icon portrait'>\n\t\t\t\t<a href='https:\/\/www.apasionada.es\/blog\/wp-content\/uploads\/2019\/12\/03-marzo-ayesa-1.jpg'><img loading=\"lazy\" decoding=\"async\" width=\"700\" height=\"969\" src=\"https:\/\/www.apasionada.es\/blog\/wp-content\/uploads\/2019\/12\/03-marzo-ayesa-1-700x969.jpg\" class=\"attachment-large size-large\" alt=\"\" aria-describedby=\"gallery-1-11546\" \/><\/a>\n\t\t\t<\/dt>\n\t\t\t\t<dd class='wp-caption-text gallery-caption' id='gallery-1-11546'>\n\t\t\t\tMarzo 2020 | Ayesa X\n\t\t\t\t<\/dd><\/dl><dl class='gallery-item'>\n\t\t\t<dt class='gallery-icon portrait'>\n\t\t\t\t<a href='https:\/\/www.apasionada.es\/blog\/wp-content\/uploads\/2019\/12\/04-abril-gisellemontes-1.jpg'><img loading=\"lazy\" decoding=\"async\" width=\"700\" height=\"969\" src=\"https:\/\/www.apasionada.es\/blog\/wp-content\/uploads\/2019\/12\/04-abril-gisellemontes-1-700x969.jpg\" class=\"attachment-large size-large\" alt=\"\" aria-describedby=\"gallery-1-11547\" \/><\/a>\n\t\t\t<\/dt>\n\t\t\t\t<dd class='wp-caption-text gallery-caption' id='gallery-1-11547'>\n\t\t\t\tAbril 2020 | Giselle Montes\n\t\t\t\t<\/dd><\/dl><br style=\"clear: both\" \/><dl class='gallery-item'>\n\t\t\t<dt class='gallery-icon portrait'>\n\t\t\t\t<a href='https:\/\/www.apasionada.es\/blog\/wp-content\/uploads\/2019\/12\/05-mayo-pamela-1.jpg'><img loading=\"lazy\" decoding=\"async\" width=\"700\" height=\"969\" src=\"https:\/\/www.apasionada.es\/blog\/wp-content\/uploads\/2019\/12\/05-mayo-pamela-1-700x969.jpg\" class=\"attachment-large size-large\" alt=\"\" aria-describedby=\"gallery-1-11548\" \/><\/a>\n\t\t\t<\/dt>\n\t\t\t\t<dd class='wp-caption-text gallery-caption' id='gallery-1-11548'>\n\t\t\t\tMayo 2020 | Pamela S\u00e1nchez\n\t\t\t\t<\/dd><\/dl><dl class='gallery-item'>\n\t\t\t<dt class='gallery-icon portrait'>\n\t\t\t\t<a href='https:\/\/www.apasionada.es\/blog\/wp-content\/uploads\/2019\/12\/06-junio-almadelrey-1.jpg'><img loading=\"lazy\" decoding=\"async\" width=\"700\" height=\"969\" src=\"https:\/\/www.apasionada.es\/blog\/wp-content\/uploads\/2019\/12\/06-junio-almadelrey-1-700x969.jpg\" class=\"attachment-large size-large\" alt=\"\" aria-describedby=\"gallery-1-11549\" \/><\/a>\n\t\t\t<\/dt>\n\t\t\t\t<dd class='wp-caption-text gallery-caption' id='gallery-1-11549'>\n\t\t\t\tJunio 2020 | Alma del Rey\n\t\t\t\t<\/dd><\/dl><br style=\"clear: both\" \/><dl class='gallery-item'>\n\t\t\t<dt class='gallery-icon portrait'>\n\t\t\t\t<a href='https:\/\/www.apasionada.es\/blog\/wp-content\/uploads\/2019\/12\/07-julio-miamarin-1.jpg'><img loading=\"lazy\" decoding=\"async\" width=\"700\" height=\"969\" src=\"https:\/\/www.apasionada.es\/blog\/wp-content\/uploads\/2019\/12\/07-julio-miamarin-1-700x969.jpg\" class=\"attachment-large size-large\" alt=\"\" aria-describedby=\"gallery-1-11550\" \/><\/a>\n\t\t\t<\/dt>\n\t\t\t\t<dd class='wp-caption-text gallery-caption' id='gallery-1-11550'>\n\t\t\t\tJulio 2020 | M\u00eda Mar\u00edn\n\t\t\t\t<\/dd><\/dl><dl class='gallery-item'>\n\t\t\t<dt class='gallery-icon portrait'>\n\t\t\t\t<a href='https:\/\/www.apasionada.es\/blog\/wp-content\/uploads\/2019\/12\/08-agosto-pamela-1.jpg'><img loading=\"lazy\" decoding=\"async\" width=\"700\" height=\"969\" src=\"https:\/\/www.apasionada.es\/blog\/wp-content\/uploads\/2019\/12\/08-agosto-pamela-1-700x969.jpg\" class=\"attachment-large size-large\" alt=\"\" aria-describedby=\"gallery-1-11551\" \/><\/a>\n\t\t\t<\/dt>\n\t\t\t\t<dd class='wp-caption-text gallery-caption' id='gallery-1-11551'>\n\t\t\t\tAgosto 2020 | Pamela S\u00e1nchez\n\t\t\t\t<\/dd><\/dl><br style=\"clear: both\" \/><dl class='gallery-item'>\n\t\t\t<dt class='gallery-icon portrait'>\n\t\t\t\t<a href='https:\/\/www.apasionada.es\/blog\/wp-content\/uploads\/2019\/12\/09-septiembre-helena-1.jpg'><img loading=\"lazy\" decoding=\"async\" width=\"700\" height=\"969\" src=\"https:\/\/www.apasionada.es\/blog\/wp-content\/uploads\/2019\/12\/09-septiembre-helena-1-700x969.jpg\" class=\"attachment-large size-large\" alt=\"\" aria-describedby=\"gallery-1-11552\" \/><\/a>\n\t\t\t<\/dt>\n\t\t\t\t<dd class='wp-caption-text gallery-caption' id='gallery-1-11552'>\n\t\t\t\tSeptiembre 2020 | Helena Kramer\n\t\t\t\t<\/dd><\/dl><dl class='gallery-item'>\n\t\t\t<dt class='gallery-icon portrait'>\n\t\t\t\t<a href='https:\/\/www.apasionada.es\/blog\/wp-content\/uploads\/2019\/12\/10-octubre-miamarin-1.jpg'><img loading=\"lazy\" decoding=\"async\" width=\"700\" height=\"969\" src=\"https:\/\/www.apasionada.es\/blog\/wp-content\/uploads\/2019\/12\/10-octubre-miamarin-1-700x969.jpg\" class=\"attachment-large size-large\" alt=\"\" aria-describedby=\"gallery-1-11553\" \/><\/a>\n\t\t\t<\/dt>\n\t\t\t\t<dd class='wp-caption-text gallery-caption' id='gallery-1-11553'>\n\t\t\t\tOctubre 2020 | M\u00eda Mar\u00edn\n\t\t\t\t<\/dd><\/dl><br style=\"clear: both\" \/><dl class='gallery-item'>\n\t\t\t<dt class='gallery-icon portrait'>\n\t\t\t\t<a href='https:\/\/www.apasionada.es\/blog\/wp-content\/uploads\/2019\/12\/11-gisellemontes-noviembre-1.jpg'><img loading=\"lazy\" decoding=\"async\" width=\"700\" height=\"969\" src=\"https:\/\/www.apasionada.es\/blog\/wp-content\/uploads\/2019\/12\/11-gisellemontes-noviembre-1-700x969.jpg\" class=\"attachment-large size-large\" alt=\"\" aria-describedby=\"gallery-1-11554\" \/><\/a>\n\t\t\t<\/dt>\n\t\t\t\t<dd class='wp-caption-text gallery-caption' id='gallery-1-11554'>\n\t\t\t\tNoviembre 2020 | Giselle Montes\n\t\t\t\t<\/dd><\/dl><dl class='gallery-item'>\n\t\t\t<dt class='gallery-icon portrait'>\n\t\t\t\t<a href='https:\/\/www.apasionada.es\/blog\/wp-content\/uploads\/2019\/12\/12-diciembre-ana-1.jpg'><img loading=\"lazy\" decoding=\"async\" width=\"700\" height=\"969\" src=\"https:\/\/www.apasionada.es\/blog\/wp-content\/uploads\/2019\/12\/12-diciembre-ana-1-700x969.jpg\" class=\"attachment-large size-large\" alt=\"\" aria-describedby=\"gallery-1-11556\" \/><\/a>\n\t\t\t<\/dt>\n\t\t\t\t<dd class='wp-caption-text gallery-caption' id='gallery-1-11556'>\n\t\t\t\tDiciembre 2020 | Ana Bel\u00e9n Espejo\n\t\t\t\t<\/dd><\/dl><br style=\"clear: both\" \/>\n\t\t<\/div>\n\n<\/div><\/div><\/div><\/div><\/div>\n","protected":false},"excerpt":{"rendered":"","protected":false},"author":3,"featured_media":11530,"comment_status":"open","ping_status":"open","sticky":false,"template":"","format":"standard","meta":{"footnotes":""},"categories":[1],"tags":[],"class_list":["post-11526","post","type-post","status-publish","format-standard","has-post-thumbnail","hentry","category-uncategorized"],"_links":{"self":[{"href":"https:\/\/www.apasionada.es\/blog\/wp-json\/wp\/v2\/posts\/11526","targetHints":{"allow":["GET"]}}],"collection":[{"href":"https:\/\/www.apasionada.es\/blog\/wp-json\/wp\/v2\/posts"}],"about":[{"href":"https:\/\/www.apasionada.es\/blog\/wp-json\/wp\/v2\/types\/post"}],"author":[{"embeddable":true,"href":"https:\/\/www.apasionada.es\/blog\/wp-json\/wp\/v2\/users\/3"}],"replies":[{"embeddable":true,"href":"https:\/\/www.apasionada.es\/blog\/wp-json\/wp\/v2\/comments?post=11526"}],"version-history":[{"count":4,"href":"https:\/\/www.apasionada.es\/blog\/wp-json\/wp\/v2\/posts\/11526\/revisions"}],"predecessor-version":[{"id":11861,"href":"https:\/\/www.apasionada.es\/blog\/wp-json\/wp\/v2\/posts\/11526\/revisions\/11861"}],"wp:featuredmedia":[{"embeddable":true,"href":"https:\/\/www.apasionada.es\/blog\/wp-json\/wp\/v2\/media\/11530"}],"wp:attachment":[{"href":"https:\/\/www.apasionada.es\/blog\/wp-json\/wp\/v2\/media?parent=11526"}],"wp:term":[{"taxonomy":"category","embeddable":true,"href":"https:\/\/www.apasionada.es\/blog\/wp-json\/wp\/v2\/categories?post=11526"},{"taxonomy":"post_tag","embeddable":true,"href":"https:\/\/www.apasionada.es\/blog\/wp-json\/wp\/v2\/tags?post=11526"}],"curies":[{"name":"wp","href":"https:\/\/api.w.org\/{rel}","templated":true}]}}