{"id":11514,"date":"2019-12-24T16:17:09","date_gmt":"2019-12-24T15:17:09","guid":{"rendered":"https:\/\/www.blog.apasionada.eu\/?p=11514"},"modified":"2026-04-08T07:15:51","modified_gmt":"2026-04-08T07:15:51","slug":"nuestro-mensaje-navideno-la-magia-de-regalar","status":"publish","type":"post","link":"https:\/\/www.apasionada.es\/blog\/nuestro-mensaje-navideno-la-magia-de-regalar\/","title":{"rendered":"Nuestro mensaje navide\u00f1o: La magia de regalar"},"content":{"rendered":"<div class=\"et_pb_section_0 et_pb_section et_section_regular et_block_section\"><div class=\"et_pb_row_0 et_pb_row et_block_row\"><div class=\"et_pb_column_0 et_pb_column et_pb_column_4_4 et-last-child et_block_column et_pb_css_mix_blend_mode_passthrough\"><div class=\"et_pb_text_0 et_pb_text et_pb_bg_layout_light et_pb_module et_block_module\"><div class=\"et_pb_text_inner\"><h2>Un regalo siempre es magia<\/h2>\n<p>En Apasionada lo sabemos, y para estas Navidades y nuevo a\u00f1o 2020 queremos destacar la ilusi\u00f3n que produce un regalo en nuestras manos.<\/p>\n<p>Para ello nos hemos ido a la bonita comarca valencia de Utiel-Requena, y en uno de sus rec\u00f3ndidos bosques, Ana Bel\u00e9n Espejo va a ser nuestra Mam\u00e1 No\u00ebl, que nos llenar\u00e1 de magia.\u00a0<\/p>\n<p>Disfruta de estas fiestas regalando momentos inolvidables, como los que ofreces con nuestra ropa especial, que te har\u00e1 sentir \u00fanica. Porque Apasionada no es solo ropa, es sentirte segura de ti misma, de tu cuerpo y quererte tal como eres. Todo ello es ser una chica Apasionada\u00ae.<\/p>\n<\/div><\/div><\/div><\/div><div class=\"et_pb_row_1 et_pb_row et_block_row\"><div class=\"et_pb_column_1 et_pb_column et_pb_column_4_4 et-last-child et_block_column et_pb_css_mix_blend_mode_passthrough\"><div class=\"et_pb_code_0 et_pb_code et_pb_module\"><div class=\"et_pb_code_inner\"><iframe loading=\"lazy\" width=\"560\" height=\"315\" src=\"https:\/\/www.youtube.com\/embed\/7anS39yVQt8\" frameborder=\"0\" allow=\"accelerometer; autoplay; encrypted-media; gyroscope; picture-in-picture\" allowfullscreen><\/iframe><\/div><\/div><div class=\"et_pb_text_1 et_pb_text et_pb_bg_layout_light et_pb_module et_block_module\"><div class=\"et_pb_text_inner\"><p>V\u00eddeo La Magia de Regalar. Modelo Ana Bel\u00e9n Espejo.\u00a0 V\u00eddeo Andy Lucas.\u00a0<\/p>\n<\/div><\/div><\/div><\/div><\/div>","protected":false},"excerpt":{"rendered":"","protected":false},"author":3,"featured_media":11517,"comment_status":"open","ping_status":"open","sticky":false,"template":"","format":"standard","meta":{"footnotes":""},"categories":[1],"tags":[],"class_list":["post-11514","post","type-post","status-publish","format-standard","has-post-thumbnail","hentry","category-uncategorized"],"_links":{"self":[{"href":"https:\/\/www.apasionada.es\/blog\/wp-json\/wp\/v2\/posts\/11514","targetHints":{"allow":["GET"]}}],"collection":[{"href":"https:\/\/www.apasionada.es\/blog\/wp-json\/wp\/v2\/posts"}],"about":[{"href":"https:\/\/www.apasionada.es\/blog\/wp-json\/wp\/v2\/types\/post"}],"author":[{"embeddable":true,"href":"https:\/\/www.apasionada.es\/blog\/wp-json\/wp\/v2\/users\/3"}],"replies":[{"embeddable":true,"href":"https:\/\/www.apasionada.es\/blog\/wp-json\/wp\/v2\/comments?post=11514"}],"version-history":[{"count":4,"href":"https:\/\/www.apasionada.es\/blog\/wp-json\/wp\/v2\/posts\/11514\/revisions"}],"predecessor-version":[{"id":11860,"href":"https:\/\/www.apasionada.es\/blog\/wp-json\/wp\/v2\/posts\/11514\/revisions\/11860"}],"wp:featuredmedia":[{"embeddable":true,"href":"https:\/\/www.apasionada.es\/blog\/wp-json\/wp\/v2\/media\/11517"}],"wp:attachment":[{"href":"https:\/\/www.apasionada.es\/blog\/wp-json\/wp\/v2\/media?parent=11514"}],"wp:term":[{"taxonomy":"category","embeddable":true,"href":"https:\/\/www.apasionada.es\/blog\/wp-json\/wp\/v2\/categories?post=11514"},{"taxonomy":"post_tag","embeddable":true,"href":"https:\/\/www.apasionada.es\/blog\/wp-json\/wp\/v2\/tags?post=11514"}],"curies":[{"name":"wp","href":"https:\/\/api.w.org\/{rel}","templated":true}]}}