{"id":10944,"date":"2018-11-12T19:52:25","date_gmt":"2018-11-12T18:52:25","guid":{"rendered":"https:\/\/www.blog.apasionada.eu\/?p=10944"},"modified":"2026-04-08T07:15:37","modified_gmt":"2026-04-08T07:15:37","slug":"desfile-internacional-de-moda-erotica-en-el-seb2018","status":"publish","type":"post","link":"https:\/\/www.apasionada.es\/blog\/desfile-internacional-de-moda-erotica-en-el-seb2018\/","title":{"rendered":"Desfile Internacional de Moda Er\u00f3tica en el SEB2018"},"content":{"rendered":"<div class=\"et_pb_section_0 et_pb_section et_section_regular et_block_section\"><div class=\"et_pb_row_0 et_pb_row et_block_row\"><div class=\"et_pb_column_0 et_pb_column et_pb_column_1_2 et_block_column et_pb_css_mix_blend_mode_passthrough\"><div class=\"et_pb_image_0 et_pb_image et_pb_module et_block_module\"><span class=\"et_pb_image_wrap\"><img decoding=\"async\" src=\"https:\/\/www.blog.apasionada.eu\/wp-content\/uploads\/2018\/11\/desfile-apasionada-seb2018-026.jpg\" \/><\/span><\/div><\/div><div class=\"et_pb_column_1 et_pb_column et_pb_column_1_2 et-last-child et_block_column et_pb_css_mix_blend_mode_passthrough\"><div class=\"et_pb_text_0 et_pb_text et_pb_bg_layout_light et_pb_module et_block_module\"><div class=\"et_pb_text_inner\"><h1>El desfile de moda er\u00f3tica de los festivales<\/h1>\n<p style=\"text-align: justify;\">La 20a edici\u00f3n de nuestro <strong>Desfile de Moda Er\u00f3tica<\/strong> tuvo lugar en el evento er\u00f3tico m\u00e1s importante del Sur de Europa. En \u00e9l participaron las modelos (por orden de aparici\u00f3n): <strong>Pamela S\u00e1nchez, Alma del Rey, Ana Marco, Helena Kramer y Ayesa X Love<\/strong>. 5 guap\u00edsimas bellezas con estilos diferentes que volvieron loco al p\u00fablico del <strong>Sal\u00f3n Er\u00f3tico de Barcelona<\/strong>, que en ese momento estaba a rebosar y pronto dej\u00f3 de verse el suelo del pabell\u00f3n de la Vall D\u00b4Hebron.<\/p>\n<h3 style=\"text-align: justify;\">Ininterrumpidamente desde 2014<\/h3>\n<p style=\"text-align: justify;\">Ya son 4 ediciones del SEB en las que hemos organizado un evento que gusta a todos, que enfatiza a la mujer, independientemente de su cuerpo y su edad y supone una variedad del tema er\u00f3tico predominante.<\/p>\n<p style=\"text-align: justify;\">Fotograf\u00eda Andy Lucas Youfoto. Todos los derechos reservados.<\/p>\n<p style=\"text-align: justify;\">\n<\/div><\/div><\/div><\/div><div class=\"et_pb_row_1 et_pb_row et_block_row\"><div class=\"et_pb_column_2 et_pb_column et_pb_column_4_4 et-last-child et_block_column et_pb_css_mix_blend_mode_passthrough\"><div class=\"et_pb_text_1 et_pb_text et_pb_bg_layout_light et_pb_module et_block_module\"><div class=\"et_pb_text_inner\">\n\t\t<style type=\"text\/css\">\n\t\t\t#gallery-1 {\n\t\t\t\tmargin: auto;\n\t\t\t}\n\t\t\t#gallery-1 .gallery-item {\n\t\t\t\tfloat: left;\n\t\t\t\tmargin-top: 10px;\n\t\t\t\ttext-align: center;\n\t\t\t\twidth: 50%;\n\t\t\t}\n\t\t\t#gallery-1 img {\n\t\t\t\tborder: 2px solid #cfcfcf;\n\t\t\t}\n\t\t\t#gallery-1 .gallery-caption {\n\t\t\t\tmargin-left: 0;\n\t\t\t}\n\t\t\t\/* see gallery_shortcode() in wp-includes\/media.php *\/\n\t\t<\/style>\n\t\t<div id='gallery-1' class='gallery galleryid-10944 gallery-columns-2 gallery-size-large'><dl class='gallery-item'>\n\t\t\t<dt class='gallery-icon portrait'>\n\t\t\t\t<a href='https:\/\/www.apasionada.es\/blog\/wp-content\/uploads\/2018\/11\/desfile-apasionada-seb2018-001.jpg'><img loading=\"lazy\" decoding=\"async\" width=\"683\" height=\"1024\" src=\"https:\/\/www.apasionada.es\/blog\/wp-content\/uploads\/2018\/11\/desfile-apasionada-seb2018-001-683x1024.jpg\" class=\"attachment-large size-large\" alt=\"\" aria-describedby=\"gallery-1-10945\" srcset=\"https:\/\/www.apasionada.es\/blog\/wp-content\/uploads\/2018\/11\/desfile-apasionada-seb2018-001-683x1024.jpg 683w, https:\/\/www.apasionada.es\/blog\/wp-content\/uploads\/2018\/11\/desfile-apasionada-seb2018-001-200x300.jpg 200w, https:\/\/www.apasionada.es\/blog\/wp-content\/uploads\/2018\/11\/desfile-apasionada-seb2018-001-768x1152.jpg 768w, https:\/\/www.apasionada.es\/blog\/wp-content\/uploads\/2018\/11\/desfile-apasionada-seb2018-001.jpg 1067w\" sizes=\"(max-width: 683px) 100vw, 683px\" \/><\/a>\n\t\t\t<\/dt>\n\t\t\t\t<dd class='wp-caption-text gallery-caption' id='gallery-1-10945'>\n\t\t\t\tPamela S\u00e1nchez\n\t\t\t\t<\/dd><\/dl><dl class='gallery-item'>\n\t\t\t<dt class='gallery-icon portrait'>\n\t\t\t\t<a href='https:\/\/www.apasionada.es\/blog\/wp-content\/uploads\/2018\/11\/desfile-apasionada-seb2018-002.jpg'><img loading=\"lazy\" decoding=\"async\" width=\"683\" height=\"1024\" src=\"https:\/\/www.apasionada.es\/blog\/wp-content\/uploads\/2018\/11\/desfile-apasionada-seb2018-002-683x1024.jpg\" class=\"attachment-large size-large\" alt=\"\" aria-describedby=\"gallery-1-10946\" srcset=\"https:\/\/www.apasionada.es\/blog\/wp-content\/uploads\/2018\/11\/desfile-apasionada-seb2018-002-683x1024.jpg 683w, https:\/\/www.apasionada.es\/blog\/wp-content\/uploads\/2018\/11\/desfile-apasionada-seb2018-002-200x300.jpg 200w, https:\/\/www.apasionada.es\/blog\/wp-content\/uploads\/2018\/11\/desfile-apasionada-seb2018-002-768x1152.jpg 768w, https:\/\/www.apasionada.es\/blog\/wp-content\/uploads\/2018\/11\/desfile-apasionada-seb2018-002.jpg 1067w\" sizes=\"(max-width: 683px) 100vw, 683px\" \/><\/a>\n\t\t\t<\/dt>\n\t\t\t\t<dd class='wp-caption-text gallery-caption' id='gallery-1-10946'>\n\t\t\t\tPamela S\u00e1nchez\n\t\t\t\t<\/dd><\/dl><br style=\"clear: both\" \/><dl class='gallery-item'>\n\t\t\t<dt class='gallery-icon portrait'>\n\t\t\t\t<a href='https:\/\/www.apasionada.es\/blog\/wp-content\/uploads\/2018\/11\/desfile-apasionada-seb2018-003.jpg'><img loading=\"lazy\" decoding=\"async\" width=\"683\" height=\"1024\" src=\"https:\/\/www.apasionada.es\/blog\/wp-content\/uploads\/2018\/11\/desfile-apasionada-seb2018-003-683x1024.jpg\" class=\"attachment-large size-large\" alt=\"\" aria-describedby=\"gallery-1-10947\" srcset=\"https:\/\/www.apasionada.es\/blog\/wp-content\/uploads\/2018\/11\/desfile-apasionada-seb2018-003-683x1024.jpg 683w, https:\/\/www.apasionada.es\/blog\/wp-content\/uploads\/2018\/11\/desfile-apasionada-seb2018-003-200x300.jpg 200w, https:\/\/www.apasionada.es\/blog\/wp-content\/uploads\/2018\/11\/desfile-apasionada-seb2018-003-768x1152.jpg 768w, https:\/\/www.apasionada.es\/blog\/wp-content\/uploads\/2018\/11\/desfile-apasionada-seb2018-003.jpg 1067w\" sizes=\"(max-width: 683px) 100vw, 683px\" \/><\/a>\n\t\t\t<\/dt>\n\t\t\t\t<dd class='wp-caption-text gallery-caption' id='gallery-1-10947'>\n\t\t\t\tPamela S\u00e1nchez\n\t\t\t\t<\/dd><\/dl><dl class='gallery-item'>\n\t\t\t<dt class='gallery-icon portrait'>\n\t\t\t\t<a href='https:\/\/www.apasionada.es\/blog\/wp-content\/uploads\/2018\/11\/desfile-apasionada-seb2018-004.jpg'><img loading=\"lazy\" decoding=\"async\" width=\"683\" height=\"1024\" src=\"https:\/\/www.apasionada.es\/blog\/wp-content\/uploads\/2018\/11\/desfile-apasionada-seb2018-004-683x1024.jpg\" class=\"attachment-large size-large\" alt=\"\" aria-describedby=\"gallery-1-10948\" srcset=\"https:\/\/www.apasionada.es\/blog\/wp-content\/uploads\/2018\/11\/desfile-apasionada-seb2018-004-683x1024.jpg 683w, https:\/\/www.apasionada.es\/blog\/wp-content\/uploads\/2018\/11\/desfile-apasionada-seb2018-004-200x300.jpg 200w, https:\/\/www.apasionada.es\/blog\/wp-content\/uploads\/2018\/11\/desfile-apasionada-seb2018-004-768x1152.jpg 768w, https:\/\/www.apasionada.es\/blog\/wp-content\/uploads\/2018\/11\/desfile-apasionada-seb2018-004.jpg 1067w\" sizes=\"(max-width: 683px) 100vw, 683px\" \/><\/a>\n\t\t\t<\/dt>\n\t\t\t\t<dd class='wp-caption-text gallery-caption' id='gallery-1-10948'>\n\t\t\t\tPamela S\u00e1nchez\n\t\t\t\t<\/dd><\/dl><br style=\"clear: both\" \/><dl class='gallery-item'>\n\t\t\t<dt class='gallery-icon portrait'>\n\t\t\t\t<a href='https:\/\/www.apasionada.es\/blog\/wp-content\/uploads\/2018\/11\/desfile-apasionada-seb2018-005.jpg'><img loading=\"lazy\" decoding=\"async\" width=\"683\" height=\"1024\" src=\"https:\/\/www.apasionada.es\/blog\/wp-content\/uploads\/2018\/11\/desfile-apasionada-seb2018-005-683x1024.jpg\" class=\"attachment-large size-large\" alt=\"\" aria-describedby=\"gallery-1-10949\" srcset=\"https:\/\/www.apasionada.es\/blog\/wp-content\/uploads\/2018\/11\/desfile-apasionada-seb2018-005-683x1024.jpg 683w, https:\/\/www.apasionada.es\/blog\/wp-content\/uploads\/2018\/11\/desfile-apasionada-seb2018-005-200x300.jpg 200w, https:\/\/www.apasionada.es\/blog\/wp-content\/uploads\/2018\/11\/desfile-apasionada-seb2018-005-768x1152.jpg 768w, https:\/\/www.apasionada.es\/blog\/wp-content\/uploads\/2018\/11\/desfile-apasionada-seb2018-005.jpg 1067w\" sizes=\"(max-width: 683px) 100vw, 683px\" \/><\/a>\n\t\t\t<\/dt>\n\t\t\t\t<dd class='wp-caption-text gallery-caption' id='gallery-1-10949'>\n\t\t\t\tPamela S\u00e1nchez\n\t\t\t\t<\/dd><\/dl><dl class='gallery-item'>\n\t\t\t<dt class='gallery-icon portrait'>\n\t\t\t\t<a href='https:\/\/www.apasionada.es\/blog\/wp-content\/uploads\/2018\/11\/desfile-apasionada-seb2018-006.jpg'><img loading=\"lazy\" decoding=\"async\" width=\"683\" height=\"1024\" src=\"https:\/\/www.apasionada.es\/blog\/wp-content\/uploads\/2018\/11\/desfile-apasionada-seb2018-006-683x1024.jpg\" class=\"attachment-large size-large\" alt=\"\" aria-describedby=\"gallery-1-10950\" srcset=\"https:\/\/www.apasionada.es\/blog\/wp-content\/uploads\/2018\/11\/desfile-apasionada-seb2018-006-683x1024.jpg 683w, https:\/\/www.apasionada.es\/blog\/wp-content\/uploads\/2018\/11\/desfile-apasionada-seb2018-006-200x300.jpg 200w, https:\/\/www.apasionada.es\/blog\/wp-content\/uploads\/2018\/11\/desfile-apasionada-seb2018-006-768x1152.jpg 768w, https:\/\/www.apasionada.es\/blog\/wp-content\/uploads\/2018\/11\/desfile-apasionada-seb2018-006.jpg 1067w\" sizes=\"(max-width: 683px) 100vw, 683px\" \/><\/a>\n\t\t\t<\/dt>\n\t\t\t\t<dd class='wp-caption-text gallery-caption' id='gallery-1-10950'>\n\t\t\t\tPamela S\u00e1nchez\n\t\t\t\t<\/dd><\/dl><br style=\"clear: both\" \/><dl class='gallery-item'>\n\t\t\t<dt class='gallery-icon portrait'>\n\t\t\t\t<a href='https:\/\/www.apasionada.es\/blog\/wp-content\/uploads\/2018\/11\/desfile-apasionada-seb2018-007.jpg'><img loading=\"lazy\" decoding=\"async\" width=\"683\" height=\"1024\" src=\"https:\/\/www.apasionada.es\/blog\/wp-content\/uploads\/2018\/11\/desfile-apasionada-seb2018-007-683x1024.jpg\" class=\"attachment-large size-large\" alt=\"\" aria-describedby=\"gallery-1-10951\" srcset=\"https:\/\/www.apasionada.es\/blog\/wp-content\/uploads\/2018\/11\/desfile-apasionada-seb2018-007-683x1024.jpg 683w, https:\/\/www.apasionada.es\/blog\/wp-content\/uploads\/2018\/11\/desfile-apasionada-seb2018-007-200x300.jpg 200w, https:\/\/www.apasionada.es\/blog\/wp-content\/uploads\/2018\/11\/desfile-apasionada-seb2018-007-768x1152.jpg 768w, https:\/\/www.apasionada.es\/blog\/wp-content\/uploads\/2018\/11\/desfile-apasionada-seb2018-007.jpg 1067w\" sizes=\"(max-width: 683px) 100vw, 683px\" \/><\/a>\n\t\t\t<\/dt>\n\t\t\t\t<dd class='wp-caption-text gallery-caption' id='gallery-1-10951'>\n\t\t\t\tAlma del Rey\n\t\t\t\t<\/dd><\/dl><dl class='gallery-item'>\n\t\t\t<dt class='gallery-icon portrait'>\n\t\t\t\t<a href='https:\/\/www.apasionada.es\/blog\/wp-content\/uploads\/2018\/11\/desfile-apasionada-seb2018-008.jpg'><img loading=\"lazy\" decoding=\"async\" width=\"682\" height=\"1024\" src=\"https:\/\/www.apasionada.es\/blog\/wp-content\/uploads\/2018\/11\/desfile-apasionada-seb2018-008-682x1024.jpg\" class=\"attachment-large size-large\" alt=\"\" aria-describedby=\"gallery-1-10952\" srcset=\"https:\/\/www.apasionada.es\/blog\/wp-content\/uploads\/2018\/11\/desfile-apasionada-seb2018-008-682x1024.jpg 682w, https:\/\/www.apasionada.es\/blog\/wp-content\/uploads\/2018\/11\/desfile-apasionada-seb2018-008-200x300.jpg 200w, https:\/\/www.apasionada.es\/blog\/wp-content\/uploads\/2018\/11\/desfile-apasionada-seb2018-008-768x1153.jpg 768w, https:\/\/www.apasionada.es\/blog\/wp-content\/uploads\/2018\/11\/desfile-apasionada-seb2018-008.jpg 1066w\" sizes=\"(max-width: 682px) 100vw, 682px\" \/><\/a>\n\t\t\t<\/dt>\n\t\t\t\t<dd class='wp-caption-text gallery-caption' id='gallery-1-10952'>\n\t\t\t\tAlma del Rey\n\t\t\t\t<\/dd><\/dl><br style=\"clear: both\" \/><dl class='gallery-item'>\n\t\t\t<dt class='gallery-icon portrait'>\n\t\t\t\t<a href='https:\/\/www.apasionada.es\/blog\/wp-content\/uploads\/2018\/11\/desfile-apasionada-seb2018-009.jpg'><img loading=\"lazy\" decoding=\"async\" width=\"683\" height=\"1024\" src=\"https:\/\/www.apasionada.es\/blog\/wp-content\/uploads\/2018\/11\/desfile-apasionada-seb2018-009-683x1024.jpg\" class=\"attachment-large size-large\" alt=\"\" aria-describedby=\"gallery-1-10953\" srcset=\"https:\/\/www.apasionada.es\/blog\/wp-content\/uploads\/2018\/11\/desfile-apasionada-seb2018-009-683x1024.jpg 683w, https:\/\/www.apasionada.es\/blog\/wp-content\/uploads\/2018\/11\/desfile-apasionada-seb2018-009-200x300.jpg 200w, https:\/\/www.apasionada.es\/blog\/wp-content\/uploads\/2018\/11\/desfile-apasionada-seb2018-009-768x1152.jpg 768w, https:\/\/www.apasionada.es\/blog\/wp-content\/uploads\/2018\/11\/desfile-apasionada-seb2018-009.jpg 1067w\" sizes=\"(max-width: 683px) 100vw, 683px\" \/><\/a>\n\t\t\t<\/dt>\n\t\t\t\t<dd class='wp-caption-text gallery-caption' id='gallery-1-10953'>\n\t\t\t\tAlma del Rey\n\t\t\t\t<\/dd><\/dl><dl class='gallery-item'>\n\t\t\t<dt class='gallery-icon portrait'>\n\t\t\t\t<a href='https:\/\/www.apasionada.es\/blog\/wp-content\/uploads\/2018\/11\/desfile-apasionada-seb2018-010.jpg'><img loading=\"lazy\" decoding=\"async\" width=\"682\" height=\"1024\" src=\"https:\/\/www.apasionada.es\/blog\/wp-content\/uploads\/2018\/11\/desfile-apasionada-seb2018-010-682x1024.jpg\" class=\"attachment-large size-large\" alt=\"\" aria-describedby=\"gallery-1-10954\" srcset=\"https:\/\/www.apasionada.es\/blog\/wp-content\/uploads\/2018\/11\/desfile-apasionada-seb2018-010-682x1024.jpg 682w, https:\/\/www.apasionada.es\/blog\/wp-content\/uploads\/2018\/11\/desfile-apasionada-seb2018-010-200x300.jpg 200w, https:\/\/www.apasionada.es\/blog\/wp-content\/uploads\/2018\/11\/desfile-apasionada-seb2018-010-768x1153.jpg 768w, https:\/\/www.apasionada.es\/blog\/wp-content\/uploads\/2018\/11\/desfile-apasionada-seb2018-010.jpg 1066w\" sizes=\"(max-width: 682px) 100vw, 682px\" \/><\/a>\n\t\t\t<\/dt>\n\t\t\t\t<dd class='wp-caption-text gallery-caption' id='gallery-1-10954'>\n\t\t\t\tAlma del Rey\n\t\t\t\t<\/dd><\/dl><br style=\"clear: both\" \/><dl class='gallery-item'>\n\t\t\t<dt class='gallery-icon portrait'>\n\t\t\t\t<a href='https:\/\/www.apasionada.es\/blog\/wp-content\/uploads\/2018\/11\/desfile-apasionada-seb2018-011.jpg'><img loading=\"lazy\" decoding=\"async\" width=\"683\" height=\"1024\" src=\"https:\/\/www.apasionada.es\/blog\/wp-content\/uploads\/2018\/11\/desfile-apasionada-seb2018-011-683x1024.jpg\" class=\"attachment-large size-large\" alt=\"\" aria-describedby=\"gallery-1-10955\" srcset=\"https:\/\/www.apasionada.es\/blog\/wp-content\/uploads\/2018\/11\/desfile-apasionada-seb2018-011-683x1024.jpg 683w, https:\/\/www.apasionada.es\/blog\/wp-content\/uploads\/2018\/11\/desfile-apasionada-seb2018-011-200x300.jpg 200w, https:\/\/www.apasionada.es\/blog\/wp-content\/uploads\/2018\/11\/desfile-apasionada-seb2018-011-768x1152.jpg 768w, https:\/\/www.apasionada.es\/blog\/wp-content\/uploads\/2018\/11\/desfile-apasionada-seb2018-011.jpg 1067w\" sizes=\"(max-width: 683px) 100vw, 683px\" \/><\/a>\n\t\t\t<\/dt>\n\t\t\t\t<dd class='wp-caption-text gallery-caption' id='gallery-1-10955'>\n\t\t\t\tAlma del Rey\n\t\t\t\t<\/dd><\/dl><dl class='gallery-item'>\n\t\t\t<dt class='gallery-icon portrait'>\n\t\t\t\t<a href='https:\/\/www.apasionada.es\/blog\/wp-content\/uploads\/2018\/11\/desfile-apasionada-seb2018-012.jpg'><img loading=\"lazy\" decoding=\"async\" width=\"683\" height=\"1024\" src=\"https:\/\/www.apasionada.es\/blog\/wp-content\/uploads\/2018\/11\/desfile-apasionada-seb2018-012-683x1024.jpg\" class=\"attachment-large size-large\" alt=\"\" aria-describedby=\"gallery-1-10956\" srcset=\"https:\/\/www.apasionada.es\/blog\/wp-content\/uploads\/2018\/11\/desfile-apasionada-seb2018-012-683x1024.jpg 683w, https:\/\/www.apasionada.es\/blog\/wp-content\/uploads\/2018\/11\/desfile-apasionada-seb2018-012-200x300.jpg 200w, https:\/\/www.apasionada.es\/blog\/wp-content\/uploads\/2018\/11\/desfile-apasionada-seb2018-012-768x1152.jpg 768w, https:\/\/www.apasionada.es\/blog\/wp-content\/uploads\/2018\/11\/desfile-apasionada-seb2018-012.jpg 1067w\" sizes=\"(max-width: 683px) 100vw, 683px\" \/><\/a>\n\t\t\t<\/dt>\n\t\t\t\t<dd class='wp-caption-text gallery-caption' id='gallery-1-10956'>\n\t\t\t\tAlma del Rey\n\t\t\t\t<\/dd><\/dl><br style=\"clear: both\" \/><dl class='gallery-item'>\n\t\t\t<dt class='gallery-icon portrait'>\n\t\t\t\t<a href='https:\/\/www.apasionada.es\/blog\/wp-content\/uploads\/2018\/11\/desfile-apasionada-seb2018-013.jpg'><img loading=\"lazy\" decoding=\"async\" width=\"683\" height=\"1024\" src=\"https:\/\/www.apasionada.es\/blog\/wp-content\/uploads\/2018\/11\/desfile-apasionada-seb2018-013-683x1024.jpg\" class=\"attachment-large size-large\" alt=\"\" aria-describedby=\"gallery-1-10957\" srcset=\"https:\/\/www.apasionada.es\/blog\/wp-content\/uploads\/2018\/11\/desfile-apasionada-seb2018-013-683x1024.jpg 683w, https:\/\/www.apasionada.es\/blog\/wp-content\/uploads\/2018\/11\/desfile-apasionada-seb2018-013-200x300.jpg 200w, https:\/\/www.apasionada.es\/blog\/wp-content\/uploads\/2018\/11\/desfile-apasionada-seb2018-013-768x1152.jpg 768w, https:\/\/www.apasionada.es\/blog\/wp-content\/uploads\/2018\/11\/desfile-apasionada-seb2018-013.jpg 1067w\" sizes=\"(max-width: 683px) 100vw, 683px\" \/><\/a>\n\t\t\t<\/dt>\n\t\t\t\t<dd class='wp-caption-text gallery-caption' id='gallery-1-10957'>\n\t\t\t\tAlma del Rey\n\t\t\t\t<\/dd><\/dl><dl class='gallery-item'>\n\t\t\t<dt class='gallery-icon portrait'>\n\t\t\t\t<a href='https:\/\/www.apasionada.es\/blog\/wp-content\/uploads\/2018\/11\/desfile-apasionada-seb2018-014.jpg'><img loading=\"lazy\" decoding=\"async\" width=\"683\" height=\"1024\" src=\"https:\/\/www.apasionada.es\/blog\/wp-content\/uploads\/2018\/11\/desfile-apasionada-seb2018-014-683x1024.jpg\" class=\"attachment-large size-large\" alt=\"\" aria-describedby=\"gallery-1-10958\" srcset=\"https:\/\/www.apasionada.es\/blog\/wp-content\/uploads\/2018\/11\/desfile-apasionada-seb2018-014-683x1024.jpg 683w, https:\/\/www.apasionada.es\/blog\/wp-content\/uploads\/2018\/11\/desfile-apasionada-seb2018-014-200x300.jpg 200w, https:\/\/www.apasionada.es\/blog\/wp-content\/uploads\/2018\/11\/desfile-apasionada-seb2018-014-768x1152.jpg 768w, https:\/\/www.apasionada.es\/blog\/wp-content\/uploads\/2018\/11\/desfile-apasionada-seb2018-014.jpg 1067w\" sizes=\"(max-width: 683px) 100vw, 683px\" \/><\/a>\n\t\t\t<\/dt>\n\t\t\t\t<dd class='wp-caption-text gallery-caption' id='gallery-1-10958'>\n\t\t\t\tAlma del Rey\n\t\t\t\t<\/dd><\/dl><br style=\"clear: both\" \/><dl class='gallery-item'>\n\t\t\t<dt class='gallery-icon portrait'>\n\t\t\t\t<a href='https:\/\/www.apasionada.es\/blog\/wp-content\/uploads\/2018\/11\/desfile-apasionada-seb2018-015.jpg'><img loading=\"lazy\" decoding=\"async\" width=\"683\" height=\"1024\" src=\"https:\/\/www.apasionada.es\/blog\/wp-content\/uploads\/2018\/11\/desfile-apasionada-seb2018-015-683x1024.jpg\" class=\"attachment-large size-large\" alt=\"\" aria-describedby=\"gallery-1-10959\" srcset=\"https:\/\/www.apasionada.es\/blog\/wp-content\/uploads\/2018\/11\/desfile-apasionada-seb2018-015-683x1024.jpg 683w, https:\/\/www.apasionada.es\/blog\/wp-content\/uploads\/2018\/11\/desfile-apasionada-seb2018-015-200x300.jpg 200w, https:\/\/www.apasionada.es\/blog\/wp-content\/uploads\/2018\/11\/desfile-apasionada-seb2018-015-768x1152.jpg 768w, https:\/\/www.apasionada.es\/blog\/wp-content\/uploads\/2018\/11\/desfile-apasionada-seb2018-015.jpg 1067w\" sizes=\"(max-width: 683px) 100vw, 683px\" \/><\/a>\n\t\t\t<\/dt>\n\t\t\t\t<dd class='wp-caption-text gallery-caption' id='gallery-1-10959'>\n\t\t\t\tAlma del Rey\n\t\t\t\t<\/dd><\/dl><dl class='gallery-item'>\n\t\t\t<dt class='gallery-icon portrait'>\n\t\t\t\t<a href='https:\/\/www.apasionada.es\/blog\/wp-content\/uploads\/2018\/11\/desfile-apasionada-seb2018-016.jpg'><img loading=\"lazy\" decoding=\"async\" width=\"683\" height=\"1024\" src=\"https:\/\/www.apasionada.es\/blog\/wp-content\/uploads\/2018\/11\/desfile-apasionada-seb2018-016-683x1024.jpg\" class=\"attachment-large size-large\" alt=\"\" aria-describedby=\"gallery-1-10960\" srcset=\"https:\/\/www.apasionada.es\/blog\/wp-content\/uploads\/2018\/11\/desfile-apasionada-seb2018-016-683x1024.jpg 683w, https:\/\/www.apasionada.es\/blog\/wp-content\/uploads\/2018\/11\/desfile-apasionada-seb2018-016-200x300.jpg 200w, https:\/\/www.apasionada.es\/blog\/wp-content\/uploads\/2018\/11\/desfile-apasionada-seb2018-016-768x1152.jpg 768w, https:\/\/www.apasionada.es\/blog\/wp-content\/uploads\/2018\/11\/desfile-apasionada-seb2018-016.jpg 1067w\" sizes=\"(max-width: 683px) 100vw, 683px\" \/><\/a>\n\t\t\t<\/dt>\n\t\t\t\t<dd class='wp-caption-text gallery-caption' id='gallery-1-10960'>\n\t\t\t\tAlma del Rey\n\t\t\t\t<\/dd><\/dl><br style=\"clear: both\" \/><dl class='gallery-item'>\n\t\t\t<dt class='gallery-icon portrait'>\n\t\t\t\t<a href='https:\/\/www.apasionada.es\/blog\/wp-content\/uploads\/2018\/11\/desfile-apasionada-seb2018-017.jpg'><img loading=\"lazy\" decoding=\"async\" width=\"683\" height=\"1024\" src=\"https:\/\/www.apasionada.es\/blog\/wp-content\/uploads\/2018\/11\/desfile-apasionada-seb2018-017-683x1024.jpg\" class=\"attachment-large size-large\" alt=\"\" aria-describedby=\"gallery-1-10961\" srcset=\"https:\/\/www.apasionada.es\/blog\/wp-content\/uploads\/2018\/11\/desfile-apasionada-seb2018-017-683x1024.jpg 683w, https:\/\/www.apasionada.es\/blog\/wp-content\/uploads\/2018\/11\/desfile-apasionada-seb2018-017-200x300.jpg 200w, https:\/\/www.apasionada.es\/blog\/wp-content\/uploads\/2018\/11\/desfile-apasionada-seb2018-017-768x1152.jpg 768w, https:\/\/www.apasionada.es\/blog\/wp-content\/uploads\/2018\/11\/desfile-apasionada-seb2018-017.jpg 1067w\" sizes=\"(max-width: 683px) 100vw, 683px\" \/><\/a>\n\t\t\t<\/dt>\n\t\t\t\t<dd class='wp-caption-text gallery-caption' id='gallery-1-10961'>\n\t\t\t\tAlma del Rey\n\t\t\t\t<\/dd><\/dl><dl class='gallery-item'>\n\t\t\t<dt class='gallery-icon portrait'>\n\t\t\t\t<a href='https:\/\/www.apasionada.es\/blog\/wp-content\/uploads\/2018\/11\/desfile-apasionada-seb2018-018.jpg'><img loading=\"lazy\" decoding=\"async\" width=\"683\" height=\"1024\" src=\"https:\/\/www.apasionada.es\/blog\/wp-content\/uploads\/2018\/11\/desfile-apasionada-seb2018-018-683x1024.jpg\" class=\"attachment-large size-large\" alt=\"\" aria-describedby=\"gallery-1-10962\" srcset=\"https:\/\/www.apasionada.es\/blog\/wp-content\/uploads\/2018\/11\/desfile-apasionada-seb2018-018-683x1024.jpg 683w, https:\/\/www.apasionada.es\/blog\/wp-content\/uploads\/2018\/11\/desfile-apasionada-seb2018-018-200x300.jpg 200w, https:\/\/www.apasionada.es\/blog\/wp-content\/uploads\/2018\/11\/desfile-apasionada-seb2018-018-768x1152.jpg 768w, https:\/\/www.apasionada.es\/blog\/wp-content\/uploads\/2018\/11\/desfile-apasionada-seb2018-018.jpg 1067w\" sizes=\"(max-width: 683px) 100vw, 683px\" \/><\/a>\n\t\t\t<\/dt>\n\t\t\t\t<dd class='wp-caption-text gallery-caption' id='gallery-1-10962'>\n\t\t\t\tAna Marco\n\t\t\t\t<\/dd><\/dl><br style=\"clear: both\" \/><dl class='gallery-item'>\n\t\t\t<dt class='gallery-icon portrait'>\n\t\t\t\t<a href='https:\/\/www.apasionada.es\/blog\/wp-content\/uploads\/2018\/11\/desfile-apasionada-seb2018-019.jpg'><img loading=\"lazy\" decoding=\"async\" width=\"683\" height=\"1024\" src=\"https:\/\/www.apasionada.es\/blog\/wp-content\/uploads\/2018\/11\/desfile-apasionada-seb2018-019-683x1024.jpg\" class=\"attachment-large size-large\" alt=\"\" aria-describedby=\"gallery-1-10963\" srcset=\"https:\/\/www.apasionada.es\/blog\/wp-content\/uploads\/2018\/11\/desfile-apasionada-seb2018-019-683x1024.jpg 683w, https:\/\/www.apasionada.es\/blog\/wp-content\/uploads\/2018\/11\/desfile-apasionada-seb2018-019-200x300.jpg 200w, https:\/\/www.apasionada.es\/blog\/wp-content\/uploads\/2018\/11\/desfile-apasionada-seb2018-019-768x1152.jpg 768w, https:\/\/www.apasionada.es\/blog\/wp-content\/uploads\/2018\/11\/desfile-apasionada-seb2018-019.jpg 1067w\" sizes=\"(max-width: 683px) 100vw, 683px\" \/><\/a>\n\t\t\t<\/dt>\n\t\t\t\t<dd class='wp-caption-text gallery-caption' id='gallery-1-10963'>\n\t\t\t\tAna Marco\n\t\t\t\t<\/dd><\/dl><dl class='gallery-item'>\n\t\t\t<dt class='gallery-icon portrait'>\n\t\t\t\t<a href='https:\/\/www.apasionada.es\/blog\/wp-content\/uploads\/2018\/11\/desfile-apasionada-seb2018-020.jpg'><img loading=\"lazy\" decoding=\"async\" width=\"683\" height=\"1024\" src=\"https:\/\/www.apasionada.es\/blog\/wp-content\/uploads\/2018\/11\/desfile-apasionada-seb2018-020-683x1024.jpg\" class=\"attachment-large size-large\" alt=\"\" aria-describedby=\"gallery-1-10964\" srcset=\"https:\/\/www.apasionada.es\/blog\/wp-content\/uploads\/2018\/11\/desfile-apasionada-seb2018-020-683x1024.jpg 683w, https:\/\/www.apasionada.es\/blog\/wp-content\/uploads\/2018\/11\/desfile-apasionada-seb2018-020-200x300.jpg 200w, https:\/\/www.apasionada.es\/blog\/wp-content\/uploads\/2018\/11\/desfile-apasionada-seb2018-020-768x1152.jpg 768w, https:\/\/www.apasionada.es\/blog\/wp-content\/uploads\/2018\/11\/desfile-apasionada-seb2018-020.jpg 1067w\" sizes=\"(max-width: 683px) 100vw, 683px\" \/><\/a>\n\t\t\t<\/dt>\n\t\t\t\t<dd class='wp-caption-text gallery-caption' id='gallery-1-10964'>\n\t\t\t\tAna Marco\n\t\t\t\t<\/dd><\/dl><br style=\"clear: both\" \/><dl class='gallery-item'>\n\t\t\t<dt class='gallery-icon portrait'>\n\t\t\t\t<a href='https:\/\/www.apasionada.es\/blog\/wp-content\/uploads\/2018\/11\/desfile-apasionada-seb2018-021.jpg'><img loading=\"lazy\" decoding=\"async\" width=\"683\" height=\"1024\" src=\"https:\/\/www.apasionada.es\/blog\/wp-content\/uploads\/2018\/11\/desfile-apasionada-seb2018-021-683x1024.jpg\" class=\"attachment-large size-large\" alt=\"\" aria-describedby=\"gallery-1-10965\" srcset=\"https:\/\/www.apasionada.es\/blog\/wp-content\/uploads\/2018\/11\/desfile-apasionada-seb2018-021-683x1024.jpg 683w, https:\/\/www.apasionada.es\/blog\/wp-content\/uploads\/2018\/11\/desfile-apasionada-seb2018-021-200x300.jpg 200w, https:\/\/www.apasionada.es\/blog\/wp-content\/uploads\/2018\/11\/desfile-apasionada-seb2018-021-768x1152.jpg 768w, https:\/\/www.apasionada.es\/blog\/wp-content\/uploads\/2018\/11\/desfile-apasionada-seb2018-021.jpg 1067w\" sizes=\"(max-width: 683px) 100vw, 683px\" \/><\/a>\n\t\t\t<\/dt>\n\t\t\t\t<dd class='wp-caption-text gallery-caption' id='gallery-1-10965'>\n\t\t\t\tAna Marco\n\t\t\t\t<\/dd><\/dl><dl class='gallery-item'>\n\t\t\t<dt class='gallery-icon portrait'>\n\t\t\t\t<a href='https:\/\/www.apasionada.es\/blog\/wp-content\/uploads\/2018\/11\/desfile-apasionada-seb2018-022.jpg'><img loading=\"lazy\" decoding=\"async\" width=\"682\" height=\"1024\" src=\"https:\/\/www.apasionada.es\/blog\/wp-content\/uploads\/2018\/11\/desfile-apasionada-seb2018-022-682x1024.jpg\" class=\"attachment-large size-large\" alt=\"\" aria-describedby=\"gallery-1-10966\" srcset=\"https:\/\/www.apasionada.es\/blog\/wp-content\/uploads\/2018\/11\/desfile-apasionada-seb2018-022-682x1024.jpg 682w, https:\/\/www.apasionada.es\/blog\/wp-content\/uploads\/2018\/11\/desfile-apasionada-seb2018-022-200x300.jpg 200w, https:\/\/www.apasionada.es\/blog\/wp-content\/uploads\/2018\/11\/desfile-apasionada-seb2018-022-768x1153.jpg 768w, https:\/\/www.apasionada.es\/blog\/wp-content\/uploads\/2018\/11\/desfile-apasionada-seb2018-022.jpg 1066w\" sizes=\"(max-width: 682px) 100vw, 682px\" \/><\/a>\n\t\t\t<\/dt>\n\t\t\t\t<dd class='wp-caption-text gallery-caption' id='gallery-1-10966'>\n\t\t\t\tAna Marco\n\t\t\t\t<\/dd><\/dl><br style=\"clear: both\" \/><dl class='gallery-item'>\n\t\t\t<dt class='gallery-icon portrait'>\n\t\t\t\t<a href='https:\/\/www.apasionada.es\/blog\/wp-content\/uploads\/2018\/11\/desfile-apasionada-seb2018-023.jpg'><img loading=\"lazy\" decoding=\"async\" width=\"683\" height=\"1024\" src=\"https:\/\/www.apasionada.es\/blog\/wp-content\/uploads\/2018\/11\/desfile-apasionada-seb2018-023-683x1024.jpg\" class=\"attachment-large size-large\" alt=\"\" aria-describedby=\"gallery-1-10967\" srcset=\"https:\/\/www.apasionada.es\/blog\/wp-content\/uploads\/2018\/11\/desfile-apasionada-seb2018-023-683x1024.jpg 683w, https:\/\/www.apasionada.es\/blog\/wp-content\/uploads\/2018\/11\/desfile-apasionada-seb2018-023-200x300.jpg 200w, https:\/\/www.apasionada.es\/blog\/wp-content\/uploads\/2018\/11\/desfile-apasionada-seb2018-023-768x1152.jpg 768w, https:\/\/www.apasionada.es\/blog\/wp-content\/uploads\/2018\/11\/desfile-apasionada-seb2018-023.jpg 1067w\" sizes=\"(max-width: 683px) 100vw, 683px\" \/><\/a>\n\t\t\t<\/dt>\n\t\t\t\t<dd class='wp-caption-text gallery-caption' id='gallery-1-10967'>\n\t\t\t\tHelena Kramer\n\t\t\t\t<\/dd><\/dl><dl class='gallery-item'>\n\t\t\t<dt class='gallery-icon portrait'>\n\t\t\t\t<a href='https:\/\/www.apasionada.es\/blog\/wp-content\/uploads\/2018\/11\/desfile-apasionada-seb2018-024.jpg'><img loading=\"lazy\" decoding=\"async\" width=\"683\" height=\"1024\" src=\"https:\/\/www.apasionada.es\/blog\/wp-content\/uploads\/2018\/11\/desfile-apasionada-seb2018-024-683x1024.jpg\" class=\"attachment-large size-large\" alt=\"\" aria-describedby=\"gallery-1-10968\" srcset=\"https:\/\/www.apasionada.es\/blog\/wp-content\/uploads\/2018\/11\/desfile-apasionada-seb2018-024-683x1024.jpg 683w, https:\/\/www.apasionada.es\/blog\/wp-content\/uploads\/2018\/11\/desfile-apasionada-seb2018-024-200x300.jpg 200w, https:\/\/www.apasionada.es\/blog\/wp-content\/uploads\/2018\/11\/desfile-apasionada-seb2018-024-768x1152.jpg 768w, https:\/\/www.apasionada.es\/blog\/wp-content\/uploads\/2018\/11\/desfile-apasionada-seb2018-024.jpg 1067w\" sizes=\"(max-width: 683px) 100vw, 683px\" \/><\/a>\n\t\t\t<\/dt>\n\t\t\t\t<dd class='wp-caption-text gallery-caption' id='gallery-1-10968'>\n\t\t\t\tHelena Kramer\n\t\t\t\t<\/dd><\/dl><br style=\"clear: both\" \/><dl class='gallery-item'>\n\t\t\t<dt class='gallery-icon portrait'>\n\t\t\t\t<a href='https:\/\/www.apasionada.es\/blog\/wp-content\/uploads\/2018\/11\/desfile-apasionada-seb2018-025.jpg'><img loading=\"lazy\" decoding=\"async\" width=\"683\" height=\"1024\" src=\"https:\/\/www.apasionada.es\/blog\/wp-content\/uploads\/2018\/11\/desfile-apasionada-seb2018-025-683x1024.jpg\" class=\"attachment-large size-large\" alt=\"\" aria-describedby=\"gallery-1-10969\" srcset=\"https:\/\/www.apasionada.es\/blog\/wp-content\/uploads\/2018\/11\/desfile-apasionada-seb2018-025-683x1024.jpg 683w, https:\/\/www.apasionada.es\/blog\/wp-content\/uploads\/2018\/11\/desfile-apasionada-seb2018-025-200x300.jpg 200w, https:\/\/www.apasionada.es\/blog\/wp-content\/uploads\/2018\/11\/desfile-apasionada-seb2018-025-768x1152.jpg 768w, https:\/\/www.apasionada.es\/blog\/wp-content\/uploads\/2018\/11\/desfile-apasionada-seb2018-025.jpg 1067w\" sizes=\"(max-width: 683px) 100vw, 683px\" \/><\/a>\n\t\t\t<\/dt>\n\t\t\t\t<dd class='wp-caption-text gallery-caption' id='gallery-1-10969'>\n\t\t\t\tHelena Kramer\n\t\t\t\t<\/dd><\/dl><dl class='gallery-item'>\n\t\t\t<dt class='gallery-icon portrait'>\n\t\t\t\t<a href='https:\/\/www.apasionada.es\/blog\/wp-content\/uploads\/2018\/11\/desfile-apasionada-seb2018-026.jpg'><img loading=\"lazy\" decoding=\"async\" width=\"683\" height=\"1024\" src=\"https:\/\/www.apasionada.es\/blog\/wp-content\/uploads\/2018\/11\/desfile-apasionada-seb2018-026-683x1024.jpg\" class=\"attachment-large size-large\" alt=\"\" aria-describedby=\"gallery-1-10970\" srcset=\"https:\/\/www.apasionada.es\/blog\/wp-content\/uploads\/2018\/11\/desfile-apasionada-seb2018-026-683x1024.jpg 683w, https:\/\/www.apasionada.es\/blog\/wp-content\/uploads\/2018\/11\/desfile-apasionada-seb2018-026-200x300.jpg 200w, https:\/\/www.apasionada.es\/blog\/wp-content\/uploads\/2018\/11\/desfile-apasionada-seb2018-026-768x1152.jpg 768w, https:\/\/www.apasionada.es\/blog\/wp-content\/uploads\/2018\/11\/desfile-apasionada-seb2018-026.jpg 1067w\" sizes=\"(max-width: 683px) 100vw, 683px\" \/><\/a>\n\t\t\t<\/dt>\n\t\t\t\t<dd class='wp-caption-text gallery-caption' id='gallery-1-10970'>\n\t\t\t\tHelena Kramer\n\t\t\t\t<\/dd><\/dl><br style=\"clear: both\" \/><dl class='gallery-item'>\n\t\t\t<dt class='gallery-icon portrait'>\n\t\t\t\t<a href='https:\/\/www.apasionada.es\/blog\/wp-content\/uploads\/2018\/11\/desfile-apasionada-seb2018-027.jpg'><img loading=\"lazy\" decoding=\"async\" width=\"682\" height=\"1024\" src=\"https:\/\/www.apasionada.es\/blog\/wp-content\/uploads\/2018\/11\/desfile-apasionada-seb2018-027-682x1024.jpg\" class=\"attachment-large size-large\" alt=\"\" aria-describedby=\"gallery-1-10971\" srcset=\"https:\/\/www.apasionada.es\/blog\/wp-content\/uploads\/2018\/11\/desfile-apasionada-seb2018-027-682x1024.jpg 682w, https:\/\/www.apasionada.es\/blog\/wp-content\/uploads\/2018\/11\/desfile-apasionada-seb2018-027-200x300.jpg 200w, https:\/\/www.apasionada.es\/blog\/wp-content\/uploads\/2018\/11\/desfile-apasionada-seb2018-027-768x1153.jpg 768w, https:\/\/www.apasionada.es\/blog\/wp-content\/uploads\/2018\/11\/desfile-apasionada-seb2018-027.jpg 1066w\" sizes=\"(max-width: 682px) 100vw, 682px\" \/><\/a>\n\t\t\t<\/dt>\n\t\t\t\t<dd class='wp-caption-text gallery-caption' id='gallery-1-10971'>\n\t\t\t\tHelena Kramer\n\t\t\t\t<\/dd><\/dl><dl class='gallery-item'>\n\t\t\t<dt class='gallery-icon portrait'>\n\t\t\t\t<a href='https:\/\/www.apasionada.es\/blog\/wp-content\/uploads\/2018\/11\/desfile-apasionada-seb2018-028.jpg'><img loading=\"lazy\" decoding=\"async\" width=\"683\" height=\"1024\" src=\"https:\/\/www.apasionada.es\/blog\/wp-content\/uploads\/2018\/11\/desfile-apasionada-seb2018-028-683x1024.jpg\" class=\"attachment-large size-large\" alt=\"\" aria-describedby=\"gallery-1-10972\" srcset=\"https:\/\/www.apasionada.es\/blog\/wp-content\/uploads\/2018\/11\/desfile-apasionada-seb2018-028-683x1024.jpg 683w, https:\/\/www.apasionada.es\/blog\/wp-content\/uploads\/2018\/11\/desfile-apasionada-seb2018-028-200x300.jpg 200w, https:\/\/www.apasionada.es\/blog\/wp-content\/uploads\/2018\/11\/desfile-apasionada-seb2018-028-768x1152.jpg 768w, https:\/\/www.apasionada.es\/blog\/wp-content\/uploads\/2018\/11\/desfile-apasionada-seb2018-028.jpg 1067w\" sizes=\"(max-width: 683px) 100vw, 683px\" \/><\/a>\n\t\t\t<\/dt>\n\t\t\t\t<dd class='wp-caption-text gallery-caption' id='gallery-1-10972'>\n\t\t\t\tHelena Kramer\n\t\t\t\t<\/dd><\/dl><br style=\"clear: both\" \/><dl class='gallery-item'>\n\t\t\t<dt class='gallery-icon portrait'>\n\t\t\t\t<a href='https:\/\/www.apasionada.es\/blog\/wp-content\/uploads\/2018\/11\/desfile-apasionada-seb2018-029.jpg'><img loading=\"lazy\" decoding=\"async\" width=\"683\" height=\"1024\" src=\"https:\/\/www.apasionada.es\/blog\/wp-content\/uploads\/2018\/11\/desfile-apasionada-seb2018-029-683x1024.jpg\" class=\"attachment-large size-large\" alt=\"\" aria-describedby=\"gallery-1-10973\" srcset=\"https:\/\/www.apasionada.es\/blog\/wp-content\/uploads\/2018\/11\/desfile-apasionada-seb2018-029-683x1024.jpg 683w, https:\/\/www.apasionada.es\/blog\/wp-content\/uploads\/2018\/11\/desfile-apasionada-seb2018-029-200x300.jpg 200w, https:\/\/www.apasionada.es\/blog\/wp-content\/uploads\/2018\/11\/desfile-apasionada-seb2018-029-768x1152.jpg 768w, https:\/\/www.apasionada.es\/blog\/wp-content\/uploads\/2018\/11\/desfile-apasionada-seb2018-029.jpg 1067w\" sizes=\"(max-width: 683px) 100vw, 683px\" \/><\/a>\n\t\t\t<\/dt>\n\t\t\t\t<dd class='wp-caption-text gallery-caption' id='gallery-1-10973'>\n\t\t\t\tHelena Kramer\n\t\t\t\t<\/dd><\/dl><dl class='gallery-item'>\n\t\t\t<dt class='gallery-icon portrait'>\n\t\t\t\t<a href='https:\/\/www.apasionada.es\/blog\/wp-content\/uploads\/2018\/11\/desfile-apasionada-seb2018-030.jpg'><img loading=\"lazy\" decoding=\"async\" width=\"683\" height=\"1024\" src=\"https:\/\/www.apasionada.es\/blog\/wp-content\/uploads\/2018\/11\/desfile-apasionada-seb2018-030-683x1024.jpg\" class=\"attachment-large size-large\" alt=\"\" aria-describedby=\"gallery-1-10974\" srcset=\"https:\/\/www.apasionada.es\/blog\/wp-content\/uploads\/2018\/11\/desfile-apasionada-seb2018-030-683x1024.jpg 683w, https:\/\/www.apasionada.es\/blog\/wp-content\/uploads\/2018\/11\/desfile-apasionada-seb2018-030-200x300.jpg 200w, https:\/\/www.apasionada.es\/blog\/wp-content\/uploads\/2018\/11\/desfile-apasionada-seb2018-030-768x1152.jpg 768w, https:\/\/www.apasionada.es\/blog\/wp-content\/uploads\/2018\/11\/desfile-apasionada-seb2018-030.jpg 1067w\" sizes=\"(max-width: 683px) 100vw, 683px\" \/><\/a>\n\t\t\t<\/dt>\n\t\t\t\t<dd class='wp-caption-text gallery-caption' id='gallery-1-10974'>\n\t\t\t\tHelena Kramer\n\t\t\t\t<\/dd><\/dl><br style=\"clear: both\" \/><dl class='gallery-item'>\n\t\t\t<dt class='gallery-icon landscape'>\n\t\t\t\t<a href='https:\/\/www.apasionada.es\/blog\/wp-content\/uploads\/2018\/11\/desfile-apasionada-seb2018-031.jpg'><img loading=\"lazy\" decoding=\"async\" width=\"700\" height=\"467\" src=\"https:\/\/www.apasionada.es\/blog\/wp-content\/uploads\/2018\/11\/desfile-apasionada-seb2018-031-700x467.jpg\" class=\"attachment-large size-large\" alt=\"\" aria-describedby=\"gallery-1-10975\" srcset=\"https:\/\/www.apasionada.es\/blog\/wp-content\/uploads\/2018\/11\/desfile-apasionada-seb2018-031-700x467.jpg 700w, https:\/\/www.apasionada.es\/blog\/wp-content\/uploads\/2018\/11\/desfile-apasionada-seb2018-031-300x200.jpg 300w, https:\/\/www.apasionada.es\/blog\/wp-content\/uploads\/2018\/11\/desfile-apasionada-seb2018-031-768x512.jpg 768w, https:\/\/www.apasionada.es\/blog\/wp-content\/uploads\/2018\/11\/desfile-apasionada-seb2018-031-1080x720.jpg 1080w, https:\/\/www.apasionada.es\/blog\/wp-content\/uploads\/2018\/11\/desfile-apasionada-seb2018-031.jpg 1600w\" sizes=\"(max-width: 700px) 100vw, 700px\" \/><\/a>\n\t\t\t<\/dt>\n\t\t\t\t<dd class='wp-caption-text gallery-caption' id='gallery-1-10975'>\n\t\t\t\tHelena Kramer\n\t\t\t\t<\/dd><\/dl><dl class='gallery-item'>\n\t\t\t<dt class='gallery-icon landscape'>\n\t\t\t\t<a href='https:\/\/www.apasionada.es\/blog\/wp-content\/uploads\/2018\/11\/desfile-apasionada-seb2018-032.jpg'><img loading=\"lazy\" decoding=\"async\" width=\"700\" height=\"467\" src=\"https:\/\/www.apasionada.es\/blog\/wp-content\/uploads\/2018\/11\/desfile-apasionada-seb2018-032-700x467.jpg\" class=\"attachment-large size-large\" alt=\"\" aria-describedby=\"gallery-1-10976\" srcset=\"https:\/\/www.apasionada.es\/blog\/wp-content\/uploads\/2018\/11\/desfile-apasionada-seb2018-032-700x467.jpg 700w, https:\/\/www.apasionada.es\/blog\/wp-content\/uploads\/2018\/11\/desfile-apasionada-seb2018-032-300x200.jpg 300w, https:\/\/www.apasionada.es\/blog\/wp-content\/uploads\/2018\/11\/desfile-apasionada-seb2018-032-768x512.jpg 768w, https:\/\/www.apasionada.es\/blog\/wp-content\/uploads\/2018\/11\/desfile-apasionada-seb2018-032-1080x720.jpg 1080w, https:\/\/www.apasionada.es\/blog\/wp-content\/uploads\/2018\/11\/desfile-apasionada-seb2018-032.jpg 1600w\" sizes=\"(max-width: 700px) 100vw, 700px\" \/><\/a>\n\t\t\t<\/dt>\n\t\t\t\t<dd class='wp-caption-text gallery-caption' id='gallery-1-10976'>\n\t\t\t\tHelena Kramer\n\t\t\t\t<\/dd><\/dl><br style=\"clear: both\" \/><dl class='gallery-item'>\n\t\t\t<dt class='gallery-icon portrait'>\n\t\t\t\t<a href='https:\/\/www.apasionada.es\/blog\/wp-content\/uploads\/2018\/11\/desfile-apasionada-seb2018-033.jpg'><img loading=\"lazy\" decoding=\"async\" width=\"683\" height=\"1024\" src=\"https:\/\/www.apasionada.es\/blog\/wp-content\/uploads\/2018\/11\/desfile-apasionada-seb2018-033-683x1024.jpg\" class=\"attachment-large size-large\" alt=\"\" aria-describedby=\"gallery-1-10977\" srcset=\"https:\/\/www.apasionada.es\/blog\/wp-content\/uploads\/2018\/11\/desfile-apasionada-seb2018-033-683x1024.jpg 683w, https:\/\/www.apasionada.es\/blog\/wp-content\/uploads\/2018\/11\/desfile-apasionada-seb2018-033-200x300.jpg 200w, https:\/\/www.apasionada.es\/blog\/wp-content\/uploads\/2018\/11\/desfile-apasionada-seb2018-033-768x1152.jpg 768w, https:\/\/www.apasionada.es\/blog\/wp-content\/uploads\/2018\/11\/desfile-apasionada-seb2018-033.jpg 1067w\" sizes=\"(max-width: 683px) 100vw, 683px\" \/><\/a>\n\t\t\t<\/dt>\n\t\t\t\t<dd class='wp-caption-text gallery-caption' id='gallery-1-10977'>\n\t\t\t\tHelena Kramer\n\t\t\t\t<\/dd><\/dl><dl class='gallery-item'>\n\t\t\t<dt class='gallery-icon portrait'>\n\t\t\t\t<a href='https:\/\/www.apasionada.es\/blog\/wp-content\/uploads\/2018\/11\/desfile-apasionada-seb2018-034.jpg'><img loading=\"lazy\" decoding=\"async\" width=\"683\" height=\"1024\" src=\"https:\/\/www.apasionada.es\/blog\/wp-content\/uploads\/2018\/11\/desfile-apasionada-seb2018-034-683x1024.jpg\" class=\"attachment-large size-large\" alt=\"\" aria-describedby=\"gallery-1-10978\" srcset=\"https:\/\/www.apasionada.es\/blog\/wp-content\/uploads\/2018\/11\/desfile-apasionada-seb2018-034-683x1024.jpg 683w, https:\/\/www.apasionada.es\/blog\/wp-content\/uploads\/2018\/11\/desfile-apasionada-seb2018-034-200x300.jpg 200w, https:\/\/www.apasionada.es\/blog\/wp-content\/uploads\/2018\/11\/desfile-apasionada-seb2018-034-768x1152.jpg 768w, https:\/\/www.apasionada.es\/blog\/wp-content\/uploads\/2018\/11\/desfile-apasionada-seb2018-034.jpg 1067w\" sizes=\"(max-width: 683px) 100vw, 683px\" \/><\/a>\n\t\t\t<\/dt>\n\t\t\t\t<dd class='wp-caption-text gallery-caption' id='gallery-1-10978'>\n\t\t\t\tAyesa X Love\n\t\t\t\t<\/dd><\/dl><br style=\"clear: both\" \/><dl class='gallery-item'>\n\t\t\t<dt class='gallery-icon portrait'>\n\t\t\t\t<a href='https:\/\/www.apasionada.es\/blog\/wp-content\/uploads\/2018\/11\/desfile-apasionada-seb2018-035.jpg'><img loading=\"lazy\" decoding=\"async\" width=\"683\" height=\"1024\" src=\"https:\/\/www.apasionada.es\/blog\/wp-content\/uploads\/2018\/11\/desfile-apasionada-seb2018-035-683x1024.jpg\" class=\"attachment-large size-large\" alt=\"\" aria-describedby=\"gallery-1-10979\" srcset=\"https:\/\/www.apasionada.es\/blog\/wp-content\/uploads\/2018\/11\/desfile-apasionada-seb2018-035-683x1024.jpg 683w, https:\/\/www.apasionada.es\/blog\/wp-content\/uploads\/2018\/11\/desfile-apasionada-seb2018-035-200x300.jpg 200w, https:\/\/www.apasionada.es\/blog\/wp-content\/uploads\/2018\/11\/desfile-apasionada-seb2018-035-768x1152.jpg 768w, https:\/\/www.apasionada.es\/blog\/wp-content\/uploads\/2018\/11\/desfile-apasionada-seb2018-035.jpg 1067w\" sizes=\"(max-width: 683px) 100vw, 683px\" \/><\/a>\n\t\t\t<\/dt>\n\t\t\t\t<dd class='wp-caption-text gallery-caption' id='gallery-1-10979'>\n\t\t\t\tAyesa X Love\n\t\t\t\t<\/dd><\/dl><dl class='gallery-item'>\n\t\t\t<dt class='gallery-icon portrait'>\n\t\t\t\t<a href='https:\/\/www.apasionada.es\/blog\/wp-content\/uploads\/2018\/11\/desfile-apasionada-seb2018-036.jpg'><img loading=\"lazy\" decoding=\"async\" width=\"683\" height=\"1024\" src=\"https:\/\/www.apasionada.es\/blog\/wp-content\/uploads\/2018\/11\/desfile-apasionada-seb2018-036-683x1024.jpg\" class=\"attachment-large size-large\" alt=\"\" aria-describedby=\"gallery-1-10980\" srcset=\"https:\/\/www.apasionada.es\/blog\/wp-content\/uploads\/2018\/11\/desfile-apasionada-seb2018-036-683x1024.jpg 683w, https:\/\/www.apasionada.es\/blog\/wp-content\/uploads\/2018\/11\/desfile-apasionada-seb2018-036-200x300.jpg 200w, https:\/\/www.apasionada.es\/blog\/wp-content\/uploads\/2018\/11\/desfile-apasionada-seb2018-036-768x1152.jpg 768w, https:\/\/www.apasionada.es\/blog\/wp-content\/uploads\/2018\/11\/desfile-apasionada-seb2018-036.jpg 1067w\" sizes=\"(max-width: 683px) 100vw, 683px\" \/><\/a>\n\t\t\t<\/dt>\n\t\t\t\t<dd class='wp-caption-text gallery-caption' id='gallery-1-10980'>\n\t\t\t\tAyesa X Love\n\t\t\t\t<\/dd><\/dl><br style=\"clear: both\" \/><dl class='gallery-item'>\n\t\t\t<dt class='gallery-icon portrait'>\n\t\t\t\t<a href='https:\/\/www.apasionada.es\/blog\/wp-content\/uploads\/2018\/11\/desfile-apasionada-seb2018-037.jpg'><img loading=\"lazy\" decoding=\"async\" width=\"683\" height=\"1024\" src=\"https:\/\/www.apasionada.es\/blog\/wp-content\/uploads\/2018\/11\/desfile-apasionada-seb2018-037-683x1024.jpg\" class=\"attachment-large size-large\" alt=\"\" aria-describedby=\"gallery-1-10981\" srcset=\"https:\/\/www.apasionada.es\/blog\/wp-content\/uploads\/2018\/11\/desfile-apasionada-seb2018-037-683x1024.jpg 683w, https:\/\/www.apasionada.es\/blog\/wp-content\/uploads\/2018\/11\/desfile-apasionada-seb2018-037-200x300.jpg 200w, https:\/\/www.apasionada.es\/blog\/wp-content\/uploads\/2018\/11\/desfile-apasionada-seb2018-037-768x1152.jpg 768w, https:\/\/www.apasionada.es\/blog\/wp-content\/uploads\/2018\/11\/desfile-apasionada-seb2018-037.jpg 1067w\" sizes=\"(max-width: 683px) 100vw, 683px\" \/><\/a>\n\t\t\t<\/dt>\n\t\t\t\t<dd class='wp-caption-text gallery-caption' id='gallery-1-10981'>\n\t\t\t\tAyesa X Love\n\t\t\t\t<\/dd><\/dl><dl class='gallery-item'>\n\t\t\t<dt class='gallery-icon portrait'>\n\t\t\t\t<a href='https:\/\/www.apasionada.es\/blog\/wp-content\/uploads\/2018\/11\/desfile-apasionada-seb2018-038.jpg'><img loading=\"lazy\" decoding=\"async\" width=\"683\" height=\"1024\" src=\"https:\/\/www.apasionada.es\/blog\/wp-content\/uploads\/2018\/11\/desfile-apasionada-seb2018-038-683x1024.jpg\" class=\"attachment-large size-large\" alt=\"\" aria-describedby=\"gallery-1-10982\" srcset=\"https:\/\/www.apasionada.es\/blog\/wp-content\/uploads\/2018\/11\/desfile-apasionada-seb2018-038-683x1024.jpg 683w, https:\/\/www.apasionada.es\/blog\/wp-content\/uploads\/2018\/11\/desfile-apasionada-seb2018-038-200x300.jpg 200w, https:\/\/www.apasionada.es\/blog\/wp-content\/uploads\/2018\/11\/desfile-apasionada-seb2018-038-768x1152.jpg 768w, https:\/\/www.apasionada.es\/blog\/wp-content\/uploads\/2018\/11\/desfile-apasionada-seb2018-038.jpg 1067w\" sizes=\"(max-width: 683px) 100vw, 683px\" \/><\/a>\n\t\t\t<\/dt>\n\t\t\t\t<dd class='wp-caption-text gallery-caption' id='gallery-1-10982'>\n\t\t\t\tAyesa X Love\n\t\t\t\t<\/dd><\/dl><br style=\"clear: both\" \/><dl class='gallery-item'>\n\t\t\t<dt class='gallery-icon portrait'>\n\t\t\t\t<a href='https:\/\/www.apasionada.es\/blog\/wp-content\/uploads\/2018\/11\/desfile-apasionada-seb2018-039.jpg'><img loading=\"lazy\" decoding=\"async\" width=\"683\" height=\"1024\" src=\"https:\/\/www.apasionada.es\/blog\/wp-content\/uploads\/2018\/11\/desfile-apasionada-seb2018-039-683x1024.jpg\" class=\"attachment-large size-large\" alt=\"\" aria-describedby=\"gallery-1-10983\" srcset=\"https:\/\/www.apasionada.es\/blog\/wp-content\/uploads\/2018\/11\/desfile-apasionada-seb2018-039-683x1024.jpg 683w, https:\/\/www.apasionada.es\/blog\/wp-content\/uploads\/2018\/11\/desfile-apasionada-seb2018-039-200x300.jpg 200w, https:\/\/www.apasionada.es\/blog\/wp-content\/uploads\/2018\/11\/desfile-apasionada-seb2018-039-768x1152.jpg 768w, https:\/\/www.apasionada.es\/blog\/wp-content\/uploads\/2018\/11\/desfile-apasionada-seb2018-039.jpg 1067w\" sizes=\"(max-width: 683px) 100vw, 683px\" \/><\/a>\n\t\t\t<\/dt>\n\t\t\t\t<dd class='wp-caption-text gallery-caption' id='gallery-1-10983'>\n\t\t\t\tAyesa X Love\n\t\t\t\t<\/dd><\/dl><dl class='gallery-item'>\n\t\t\t<dt class='gallery-icon portrait'>\n\t\t\t\t<a href='https:\/\/www.apasionada.es\/blog\/wp-content\/uploads\/2018\/11\/desfile-apasionada-seb2018-040.jpg'><img loading=\"lazy\" decoding=\"async\" width=\"682\" height=\"1024\" src=\"https:\/\/www.apasionada.es\/blog\/wp-content\/uploads\/2018\/11\/desfile-apasionada-seb2018-040-682x1024.jpg\" class=\"attachment-large size-large\" alt=\"\" aria-describedby=\"gallery-1-10984\" srcset=\"https:\/\/www.apasionada.es\/blog\/wp-content\/uploads\/2018\/11\/desfile-apasionada-seb2018-040-682x1024.jpg 682w, https:\/\/www.apasionada.es\/blog\/wp-content\/uploads\/2018\/11\/desfile-apasionada-seb2018-040-200x300.jpg 200w, https:\/\/www.apasionada.es\/blog\/wp-content\/uploads\/2018\/11\/desfile-apasionada-seb2018-040-768x1153.jpg 768w, https:\/\/www.apasionada.es\/blog\/wp-content\/uploads\/2018\/11\/desfile-apasionada-seb2018-040.jpg 1066w\" sizes=\"(max-width: 682px) 100vw, 682px\" \/><\/a>\n\t\t\t<\/dt>\n\t\t\t\t<dd class='wp-caption-text gallery-caption' id='gallery-1-10984'>\n\t\t\t\tPamela S\u00e1nchez\n\t\t\t\t<\/dd><\/dl><br style=\"clear: both\" \/><dl class='gallery-item'>\n\t\t\t<dt class='gallery-icon portrait'>\n\t\t\t\t<a href='https:\/\/www.apasionada.es\/blog\/wp-content\/uploads\/2018\/11\/desfile-apasionada-seb2018-041.jpg'><img loading=\"lazy\" decoding=\"async\" width=\"683\" height=\"1024\" src=\"https:\/\/www.apasionada.es\/blog\/wp-content\/uploads\/2018\/11\/desfile-apasionada-seb2018-041-683x1024.jpg\" class=\"attachment-large size-large\" alt=\"\" aria-describedby=\"gallery-1-10985\" srcset=\"https:\/\/www.apasionada.es\/blog\/wp-content\/uploads\/2018\/11\/desfile-apasionada-seb2018-041-683x1024.jpg 683w, https:\/\/www.apasionada.es\/blog\/wp-content\/uploads\/2018\/11\/desfile-apasionada-seb2018-041-200x300.jpg 200w, https:\/\/www.apasionada.es\/blog\/wp-content\/uploads\/2018\/11\/desfile-apasionada-seb2018-041-768x1152.jpg 768w, https:\/\/www.apasionada.es\/blog\/wp-content\/uploads\/2018\/11\/desfile-apasionada-seb2018-041.jpg 1067w\" sizes=\"(max-width: 683px) 100vw, 683px\" \/><\/a>\n\t\t\t<\/dt>\n\t\t\t\t<dd class='wp-caption-text gallery-caption' id='gallery-1-10985'>\n\t\t\t\tPamela S\u00e1nchez\n\t\t\t\t<\/dd><\/dl><dl class='gallery-item'>\n\t\t\t<dt class='gallery-icon portrait'>\n\t\t\t\t<a href='https:\/\/www.apasionada.es\/blog\/wp-content\/uploads\/2018\/11\/desfile-apasionada-seb2018-042.jpg'><img loading=\"lazy\" decoding=\"async\" width=\"683\" height=\"1024\" src=\"https:\/\/www.apasionada.es\/blog\/wp-content\/uploads\/2018\/11\/desfile-apasionada-seb2018-042-683x1024.jpg\" class=\"attachment-large size-large\" alt=\"\" aria-describedby=\"gallery-1-10986\" srcset=\"https:\/\/www.apasionada.es\/blog\/wp-content\/uploads\/2018\/11\/desfile-apasionada-seb2018-042-683x1024.jpg 683w, https:\/\/www.apasionada.es\/blog\/wp-content\/uploads\/2018\/11\/desfile-apasionada-seb2018-042-200x300.jpg 200w, https:\/\/www.apasionada.es\/blog\/wp-content\/uploads\/2018\/11\/desfile-apasionada-seb2018-042-768x1152.jpg 768w, https:\/\/www.apasionada.es\/blog\/wp-content\/uploads\/2018\/11\/desfile-apasionada-seb2018-042.jpg 1067w\" sizes=\"(max-width: 683px) 100vw, 683px\" \/><\/a>\n\t\t\t<\/dt>\n\t\t\t\t<dd class='wp-caption-text gallery-caption' id='gallery-1-10986'>\n\t\t\t\tPamela S\u00e1nchez\n\t\t\t\t<\/dd><\/dl><br style=\"clear: both\" \/><dl class='gallery-item'>\n\t\t\t<dt class='gallery-icon portrait'>\n\t\t\t\t<a href='https:\/\/www.apasionada.es\/blog\/wp-content\/uploads\/2018\/11\/desfile-apasionada-seb2018-043.jpg'><img loading=\"lazy\" decoding=\"async\" width=\"683\" height=\"1024\" src=\"https:\/\/www.apasionada.es\/blog\/wp-content\/uploads\/2018\/11\/desfile-apasionada-seb2018-043-683x1024.jpg\" class=\"attachment-large size-large\" alt=\"\" aria-describedby=\"gallery-1-10987\" srcset=\"https:\/\/www.apasionada.es\/blog\/wp-content\/uploads\/2018\/11\/desfile-apasionada-seb2018-043-683x1024.jpg 683w, https:\/\/www.apasionada.es\/blog\/wp-content\/uploads\/2018\/11\/desfile-apasionada-seb2018-043-200x300.jpg 200w, https:\/\/www.apasionada.es\/blog\/wp-content\/uploads\/2018\/11\/desfile-apasionada-seb2018-043-768x1152.jpg 768w, https:\/\/www.apasionada.es\/blog\/wp-content\/uploads\/2018\/11\/desfile-apasionada-seb2018-043.jpg 1067w\" sizes=\"(max-width: 683px) 100vw, 683px\" \/><\/a>\n\t\t\t<\/dt>\n\t\t\t\t<dd class='wp-caption-text gallery-caption' id='gallery-1-10987'>\n\t\t\t\tPamela S\u00e1nchez\n\t\t\t\t<\/dd><\/dl><dl class='gallery-item'>\n\t\t\t<dt class='gallery-icon portrait'>\n\t\t\t\t<a href='https:\/\/www.apasionada.es\/blog\/wp-content\/uploads\/2018\/11\/desfile-apasionada-seb2018-044.jpg'><img loading=\"lazy\" decoding=\"async\" width=\"683\" height=\"1024\" src=\"https:\/\/www.apasionada.es\/blog\/wp-content\/uploads\/2018\/11\/desfile-apasionada-seb2018-044-683x1024.jpg\" class=\"attachment-large size-large\" alt=\"\" aria-describedby=\"gallery-1-10988\" srcset=\"https:\/\/www.apasionada.es\/blog\/wp-content\/uploads\/2018\/11\/desfile-apasionada-seb2018-044-683x1024.jpg 683w, https:\/\/www.apasionada.es\/blog\/wp-content\/uploads\/2018\/11\/desfile-apasionada-seb2018-044-200x300.jpg 200w, https:\/\/www.apasionada.es\/blog\/wp-content\/uploads\/2018\/11\/desfile-apasionada-seb2018-044-768x1152.jpg 768w, https:\/\/www.apasionada.es\/blog\/wp-content\/uploads\/2018\/11\/desfile-apasionada-seb2018-044.jpg 1067w\" sizes=\"(max-width: 683px) 100vw, 683px\" \/><\/a>\n\t\t\t<\/dt>\n\t\t\t\t<dd class='wp-caption-text gallery-caption' id='gallery-1-10988'>\n\t\t\t\tPamela S\u00e1nchez\n\t\t\t\t<\/dd><\/dl><br style=\"clear: both\" \/><dl class='gallery-item'>\n\t\t\t<dt class='gallery-icon portrait'>\n\t\t\t\t<a href='https:\/\/www.apasionada.es\/blog\/wp-content\/uploads\/2018\/11\/desfile-apasionada-seb2018-045.jpg'><img loading=\"lazy\" decoding=\"async\" width=\"683\" height=\"1024\" src=\"https:\/\/www.apasionada.es\/blog\/wp-content\/uploads\/2018\/11\/desfile-apasionada-seb2018-045-683x1024.jpg\" class=\"attachment-large size-large\" alt=\"\" aria-describedby=\"gallery-1-10989\" srcset=\"https:\/\/www.apasionada.es\/blog\/wp-content\/uploads\/2018\/11\/desfile-apasionada-seb2018-045-683x1024.jpg 683w, https:\/\/www.apasionada.es\/blog\/wp-content\/uploads\/2018\/11\/desfile-apasionada-seb2018-045-200x300.jpg 200w, https:\/\/www.apasionada.es\/blog\/wp-content\/uploads\/2018\/11\/desfile-apasionada-seb2018-045-768x1152.jpg 768w, https:\/\/www.apasionada.es\/blog\/wp-content\/uploads\/2018\/11\/desfile-apasionada-seb2018-045.jpg 1067w\" sizes=\"(max-width: 683px) 100vw, 683px\" \/><\/a>\n\t\t\t<\/dt>\n\t\t\t\t<dd class='wp-caption-text gallery-caption' id='gallery-1-10989'>\n\t\t\t\tPamela S\u00e1nchez\n\t\t\t\t<\/dd><\/dl><dl class='gallery-item'>\n\t\t\t<dt class='gallery-icon portrait'>\n\t\t\t\t<a href='https:\/\/www.apasionada.es\/blog\/wp-content\/uploads\/2018\/11\/desfile-apasionada-seb2018-046.jpg'><img loading=\"lazy\" decoding=\"async\" width=\"683\" height=\"1024\" src=\"https:\/\/www.apasionada.es\/blog\/wp-content\/uploads\/2018\/11\/desfile-apasionada-seb2018-046-683x1024.jpg\" class=\"attachment-large size-large\" alt=\"\" aria-describedby=\"gallery-1-10990\" srcset=\"https:\/\/www.apasionada.es\/blog\/wp-content\/uploads\/2018\/11\/desfile-apasionada-seb2018-046-683x1024.jpg 683w, https:\/\/www.apasionada.es\/blog\/wp-content\/uploads\/2018\/11\/desfile-apasionada-seb2018-046-200x300.jpg 200w, https:\/\/www.apasionada.es\/blog\/wp-content\/uploads\/2018\/11\/desfile-apasionada-seb2018-046-768x1152.jpg 768w, https:\/\/www.apasionada.es\/blog\/wp-content\/uploads\/2018\/11\/desfile-apasionada-seb2018-046.jpg 1067w\" sizes=\"(max-width: 683px) 100vw, 683px\" \/><\/a>\n\t\t\t<\/dt>\n\t\t\t\t<dd class='wp-caption-text gallery-caption' id='gallery-1-10990'>\n\t\t\t\tPamela S\u00e1nchez\n\t\t\t\t<\/dd><\/dl><br style=\"clear: both\" \/><dl class='gallery-item'>\n\t\t\t<dt class='gallery-icon portrait'>\n\t\t\t\t<a href='https:\/\/www.apasionada.es\/blog\/wp-content\/uploads\/2018\/11\/desfile-apasionada-seb2018-047.jpg'><img loading=\"lazy\" decoding=\"async\" width=\"683\" height=\"1024\" src=\"https:\/\/www.apasionada.es\/blog\/wp-content\/uploads\/2018\/11\/desfile-apasionada-seb2018-047-683x1024.jpg\" class=\"attachment-large size-large\" alt=\"\" aria-describedby=\"gallery-1-10991\" srcset=\"https:\/\/www.apasionada.es\/blog\/wp-content\/uploads\/2018\/11\/desfile-apasionada-seb2018-047-683x1024.jpg 683w, https:\/\/www.apasionada.es\/blog\/wp-content\/uploads\/2018\/11\/desfile-apasionada-seb2018-047-200x300.jpg 200w, https:\/\/www.apasionada.es\/blog\/wp-content\/uploads\/2018\/11\/desfile-apasionada-seb2018-047-768x1152.jpg 768w, https:\/\/www.apasionada.es\/blog\/wp-content\/uploads\/2018\/11\/desfile-apasionada-seb2018-047.jpg 1067w\" sizes=\"(max-width: 683px) 100vw, 683px\" \/><\/a>\n\t\t\t<\/dt>\n\t\t\t\t<dd class='wp-caption-text gallery-caption' id='gallery-1-10991'>\n\t\t\t\tPamela S\u00e1nchez\n\t\t\t\t<\/dd><\/dl><dl class='gallery-item'>\n\t\t\t<dt class='gallery-icon portrait'>\n\t\t\t\t<a href='https:\/\/www.apasionada.es\/blog\/wp-content\/uploads\/2018\/11\/desfile-apasionada-seb2018-048.jpg'><img loading=\"lazy\" decoding=\"async\" width=\"683\" height=\"1024\" src=\"https:\/\/www.apasionada.es\/blog\/wp-content\/uploads\/2018\/11\/desfile-apasionada-seb2018-048-683x1024.jpg\" class=\"attachment-large size-large\" alt=\"\" aria-describedby=\"gallery-1-10992\" srcset=\"https:\/\/www.apasionada.es\/blog\/wp-content\/uploads\/2018\/11\/desfile-apasionada-seb2018-048-683x1024.jpg 683w, https:\/\/www.apasionada.es\/blog\/wp-content\/uploads\/2018\/11\/desfile-apasionada-seb2018-048-200x300.jpg 200w, https:\/\/www.apasionada.es\/blog\/wp-content\/uploads\/2018\/11\/desfile-apasionada-seb2018-048-768x1152.jpg 768w, https:\/\/www.apasionada.es\/blog\/wp-content\/uploads\/2018\/11\/desfile-apasionada-seb2018-048.jpg 1067w\" sizes=\"(max-width: 683px) 100vw, 683px\" \/><\/a>\n\t\t\t<\/dt>\n\t\t\t\t<dd class='wp-caption-text gallery-caption' id='gallery-1-10992'>\n\t\t\t\tAlma del Rey\n\t\t\t\t<\/dd><\/dl><br style=\"clear: both\" \/><dl class='gallery-item'>\n\t\t\t<dt class='gallery-icon portrait'>\n\t\t\t\t<a href='https:\/\/www.apasionada.es\/blog\/wp-content\/uploads\/2018\/11\/desfile-apasionada-seb2018-049.jpg'><img loading=\"lazy\" decoding=\"async\" width=\"683\" height=\"1024\" src=\"https:\/\/www.apasionada.es\/blog\/wp-content\/uploads\/2018\/11\/desfile-apasionada-seb2018-049-683x1024.jpg\" class=\"attachment-large size-large\" alt=\"\" aria-describedby=\"gallery-1-10993\" srcset=\"https:\/\/www.apasionada.es\/blog\/wp-content\/uploads\/2018\/11\/desfile-apasionada-seb2018-049-683x1024.jpg 683w, https:\/\/www.apasionada.es\/blog\/wp-content\/uploads\/2018\/11\/desfile-apasionada-seb2018-049-200x300.jpg 200w, https:\/\/www.apasionada.es\/blog\/wp-content\/uploads\/2018\/11\/desfile-apasionada-seb2018-049-768x1152.jpg 768w, https:\/\/www.apasionada.es\/blog\/wp-content\/uploads\/2018\/11\/desfile-apasionada-seb2018-049.jpg 1067w\" sizes=\"(max-width: 683px) 100vw, 683px\" \/><\/a>\n\t\t\t<\/dt>\n\t\t\t\t<dd class='wp-caption-text gallery-caption' id='gallery-1-10993'>\n\t\t\t\tAlma del Rey\n\t\t\t\t<\/dd><\/dl><dl class='gallery-item'>\n\t\t\t<dt class='gallery-icon portrait'>\n\t\t\t\t<a href='https:\/\/www.apasionada.es\/blog\/wp-content\/uploads\/2018\/11\/desfile-apasionada-seb2018-050.jpg'><img loading=\"lazy\" decoding=\"async\" width=\"682\" height=\"1024\" src=\"https:\/\/www.apasionada.es\/blog\/wp-content\/uploads\/2018\/11\/desfile-apasionada-seb2018-050-682x1024.jpg\" class=\"attachment-large size-large\" alt=\"\" aria-describedby=\"gallery-1-10994\" srcset=\"https:\/\/www.apasionada.es\/blog\/wp-content\/uploads\/2018\/11\/desfile-apasionada-seb2018-050-682x1024.jpg 682w, https:\/\/www.apasionada.es\/blog\/wp-content\/uploads\/2018\/11\/desfile-apasionada-seb2018-050-200x300.jpg 200w, https:\/\/www.apasionada.es\/blog\/wp-content\/uploads\/2018\/11\/desfile-apasionada-seb2018-050-768x1153.jpg 768w, https:\/\/www.apasionada.es\/blog\/wp-content\/uploads\/2018\/11\/desfile-apasionada-seb2018-050.jpg 1066w\" sizes=\"(max-width: 682px) 100vw, 682px\" \/><\/a>\n\t\t\t<\/dt>\n\t\t\t\t<dd class='wp-caption-text gallery-caption' id='gallery-1-10994'>\n\t\t\t\tAlma del Rey\n\t\t\t\t<\/dd><\/dl><br style=\"clear: both\" \/><dl class='gallery-item'>\n\t\t\t<dt class='gallery-icon portrait'>\n\t\t\t\t<a href='https:\/\/www.apasionada.es\/blog\/wp-content\/uploads\/2018\/11\/desfile-apasionada-seb2018-051.jpg'><img loading=\"lazy\" decoding=\"async\" width=\"682\" height=\"1024\" src=\"https:\/\/www.apasionada.es\/blog\/wp-content\/uploads\/2018\/11\/desfile-apasionada-seb2018-051-682x1024.jpg\" class=\"attachment-large size-large\" alt=\"\" aria-describedby=\"gallery-1-10995\" srcset=\"https:\/\/www.apasionada.es\/blog\/wp-content\/uploads\/2018\/11\/desfile-apasionada-seb2018-051-682x1024.jpg 682w, https:\/\/www.apasionada.es\/blog\/wp-content\/uploads\/2018\/11\/desfile-apasionada-seb2018-051-200x300.jpg 200w, https:\/\/www.apasionada.es\/blog\/wp-content\/uploads\/2018\/11\/desfile-apasionada-seb2018-051-768x1153.jpg 768w, https:\/\/www.apasionada.es\/blog\/wp-content\/uploads\/2018\/11\/desfile-apasionada-seb2018-051.jpg 1066w\" sizes=\"(max-width: 682px) 100vw, 682px\" \/><\/a>\n\t\t\t<\/dt>\n\t\t\t\t<dd class='wp-caption-text gallery-caption' id='gallery-1-10995'>\n\t\t\t\tAlma del Rey\n\t\t\t\t<\/dd><\/dl><dl class='gallery-item'>\n\t\t\t<dt class='gallery-icon portrait'>\n\t\t\t\t<a href='https:\/\/www.apasionada.es\/blog\/wp-content\/uploads\/2018\/11\/desfile-apasionada-seb2018-052.jpg'><img loading=\"lazy\" decoding=\"async\" width=\"683\" height=\"1024\" src=\"https:\/\/www.apasionada.es\/blog\/wp-content\/uploads\/2018\/11\/desfile-apasionada-seb2018-052-683x1024.jpg\" class=\"attachment-large size-large\" alt=\"\" aria-describedby=\"gallery-1-10996\" srcset=\"https:\/\/www.apasionada.es\/blog\/wp-content\/uploads\/2018\/11\/desfile-apasionada-seb2018-052-683x1024.jpg 683w, https:\/\/www.apasionada.es\/blog\/wp-content\/uploads\/2018\/11\/desfile-apasionada-seb2018-052-200x300.jpg 200w, https:\/\/www.apasionada.es\/blog\/wp-content\/uploads\/2018\/11\/desfile-apasionada-seb2018-052-768x1152.jpg 768w, https:\/\/www.apasionada.es\/blog\/wp-content\/uploads\/2018\/11\/desfile-apasionada-seb2018-052.jpg 1067w\" sizes=\"(max-width: 683px) 100vw, 683px\" \/><\/a>\n\t\t\t<\/dt>\n\t\t\t\t<dd class='wp-caption-text gallery-caption' id='gallery-1-10996'>\n\t\t\t\tAlma del Rey\n\t\t\t\t<\/dd><\/dl><br style=\"clear: both\" \/><dl class='gallery-item'>\n\t\t\t<dt class='gallery-icon portrait'>\n\t\t\t\t<a href='https:\/\/www.apasionada.es\/blog\/wp-content\/uploads\/2018\/11\/desfile-apasionada-seb2018-054.jpg'><img loading=\"lazy\" decoding=\"async\" width=\"683\" height=\"1024\" src=\"https:\/\/www.apasionada.es\/blog\/wp-content\/uploads\/2018\/11\/desfile-apasionada-seb2018-054-683x1024.jpg\" class=\"attachment-large size-large\" alt=\"\" aria-describedby=\"gallery-1-10998\" srcset=\"https:\/\/www.apasionada.es\/blog\/wp-content\/uploads\/2018\/11\/desfile-apasionada-seb2018-054-683x1024.jpg 683w, https:\/\/www.apasionada.es\/blog\/wp-content\/uploads\/2018\/11\/desfile-apasionada-seb2018-054-200x300.jpg 200w, https:\/\/www.apasionada.es\/blog\/wp-content\/uploads\/2018\/11\/desfile-apasionada-seb2018-054-768x1152.jpg 768w, https:\/\/www.apasionada.es\/blog\/wp-content\/uploads\/2018\/11\/desfile-apasionada-seb2018-054.jpg 1067w\" sizes=\"(max-width: 683px) 100vw, 683px\" \/><\/a>\n\t\t\t<\/dt>\n\t\t\t\t<dd class='wp-caption-text gallery-caption' id='gallery-1-10998'>\n\t\t\t\tAna Marco\n\t\t\t\t<\/dd><\/dl><dl class='gallery-item'>\n\t\t\t<dt class='gallery-icon portrait'>\n\t\t\t\t<a href='https:\/\/www.apasionada.es\/blog\/wp-content\/uploads\/2018\/11\/desfile-apasionada-seb2018-055.jpg'><img loading=\"lazy\" decoding=\"async\" width=\"683\" height=\"1024\" src=\"https:\/\/www.apasionada.es\/blog\/wp-content\/uploads\/2018\/11\/desfile-apasionada-seb2018-055-683x1024.jpg\" class=\"attachment-large size-large\" alt=\"\" aria-describedby=\"gallery-1-10999\" srcset=\"https:\/\/www.apasionada.es\/blog\/wp-content\/uploads\/2018\/11\/desfile-apasionada-seb2018-055-683x1024.jpg 683w, https:\/\/www.apasionada.es\/blog\/wp-content\/uploads\/2018\/11\/desfile-apasionada-seb2018-055-200x300.jpg 200w, https:\/\/www.apasionada.es\/blog\/wp-content\/uploads\/2018\/11\/desfile-apasionada-seb2018-055-768x1152.jpg 768w, https:\/\/www.apasionada.es\/blog\/wp-content\/uploads\/2018\/11\/desfile-apasionada-seb2018-055.jpg 1067w\" sizes=\"(max-width: 683px) 100vw, 683px\" \/><\/a>\n\t\t\t<\/dt>\n\t\t\t\t<dd class='wp-caption-text gallery-caption' id='gallery-1-10999'>\n\t\t\t\tDesfile Internacional de Moda Er\u00f3tica en el SEB 2018\n\t\t\t\t<\/dd><\/dl><br style=\"clear: both\" \/><dl class='gallery-item'>\n\t\t\t<dt class='gallery-icon portrait'>\n\t\t\t\t<a href='https:\/\/www.apasionada.es\/blog\/wp-content\/uploads\/2018\/11\/desfile-apasionada-seb2018-056.jpg'><img loading=\"lazy\" decoding=\"async\" width=\"683\" height=\"1024\" src=\"https:\/\/www.apasionada.es\/blog\/wp-content\/uploads\/2018\/11\/desfile-apasionada-seb2018-056-683x1024.jpg\" class=\"attachment-large size-large\" alt=\"\" aria-describedby=\"gallery-1-11000\" srcset=\"https:\/\/www.apasionada.es\/blog\/wp-content\/uploads\/2018\/11\/desfile-apasionada-seb2018-056-683x1024.jpg 683w, https:\/\/www.apasionada.es\/blog\/wp-content\/uploads\/2018\/11\/desfile-apasionada-seb2018-056-200x300.jpg 200w, https:\/\/www.apasionada.es\/blog\/wp-content\/uploads\/2018\/11\/desfile-apasionada-seb2018-056-768x1152.jpg 768w, https:\/\/www.apasionada.es\/blog\/wp-content\/uploads\/2018\/11\/desfile-apasionada-seb2018-056.jpg 1067w\" sizes=\"(max-width: 683px) 100vw, 683px\" \/><\/a>\n\t\t\t<\/dt>\n\t\t\t\t<dd class='wp-caption-text gallery-caption' id='gallery-1-11000'>\n\t\t\t\tHelena Kramer\n\t\t\t\t<\/dd><\/dl><dl class='gallery-item'>\n\t\t\t<dt class='gallery-icon portrait'>\n\t\t\t\t<a href='https:\/\/www.apasionada.es\/blog\/wp-content\/uploads\/2018\/11\/desfile-apasionada-seb2018-057.jpg'><img loading=\"lazy\" decoding=\"async\" width=\"683\" height=\"1024\" src=\"https:\/\/www.apasionada.es\/blog\/wp-content\/uploads\/2018\/11\/desfile-apasionada-seb2018-057-683x1024.jpg\" class=\"attachment-large size-large\" alt=\"\" aria-describedby=\"gallery-1-11001\" srcset=\"https:\/\/www.apasionada.es\/blog\/wp-content\/uploads\/2018\/11\/desfile-apasionada-seb2018-057-683x1024.jpg 683w, https:\/\/www.apasionada.es\/blog\/wp-content\/uploads\/2018\/11\/desfile-apasionada-seb2018-057-200x300.jpg 200w, https:\/\/www.apasionada.es\/blog\/wp-content\/uploads\/2018\/11\/desfile-apasionada-seb2018-057-768x1152.jpg 768w, https:\/\/www.apasionada.es\/blog\/wp-content\/uploads\/2018\/11\/desfile-apasionada-seb2018-057.jpg 1067w\" sizes=\"(max-width: 683px) 100vw, 683px\" \/><\/a>\n\t\t\t<\/dt>\n\t\t\t\t<dd class='wp-caption-text gallery-caption' id='gallery-1-11001'>\n\t\t\t\tHelena Kramer\n\t\t\t\t<\/dd><\/dl><br style=\"clear: both\" \/><dl class='gallery-item'>\n\t\t\t<dt class='gallery-icon portrait'>\n\t\t\t\t<a href='https:\/\/www.apasionada.es\/blog\/wp-content\/uploads\/2018\/11\/desfile-apasionada-seb2018-058.jpg'><img loading=\"lazy\" decoding=\"async\" width=\"683\" height=\"1024\" src=\"https:\/\/www.apasionada.es\/blog\/wp-content\/uploads\/2018\/11\/desfile-apasionada-seb2018-058-683x1024.jpg\" class=\"attachment-large size-large\" alt=\"\" aria-describedby=\"gallery-1-11002\" srcset=\"https:\/\/www.apasionada.es\/blog\/wp-content\/uploads\/2018\/11\/desfile-apasionada-seb2018-058-683x1024.jpg 683w, https:\/\/www.apasionada.es\/blog\/wp-content\/uploads\/2018\/11\/desfile-apasionada-seb2018-058-200x300.jpg 200w, https:\/\/www.apasionada.es\/blog\/wp-content\/uploads\/2018\/11\/desfile-apasionada-seb2018-058-768x1152.jpg 768w, https:\/\/www.apasionada.es\/blog\/wp-content\/uploads\/2018\/11\/desfile-apasionada-seb2018-058.jpg 1067w\" sizes=\"(max-width: 683px) 100vw, 683px\" \/><\/a>\n\t\t\t<\/dt>\n\t\t\t\t<dd class='wp-caption-text gallery-caption' id='gallery-1-11002'>\n\t\t\t\tDHelena Kramer\n\t\t\t\t<\/dd><\/dl><dl class='gallery-item'>\n\t\t\t<dt class='gallery-icon landscape'>\n\t\t\t\t<a href='https:\/\/www.apasionada.es\/blog\/wp-content\/uploads\/2018\/11\/desfile-apasionada-seb2018-059.jpg'><img loading=\"lazy\" decoding=\"async\" width=\"700\" height=\"467\" src=\"https:\/\/www.apasionada.es\/blog\/wp-content\/uploads\/2018\/11\/desfile-apasionada-seb2018-059-700x467.jpg\" class=\"attachment-large size-large\" alt=\"\" aria-describedby=\"gallery-1-11003\" srcset=\"https:\/\/www.apasionada.es\/blog\/wp-content\/uploads\/2018\/11\/desfile-apasionada-seb2018-059-700x467.jpg 700w, https:\/\/www.apasionada.es\/blog\/wp-content\/uploads\/2018\/11\/desfile-apasionada-seb2018-059-300x200.jpg 300w, https:\/\/www.apasionada.es\/blog\/wp-content\/uploads\/2018\/11\/desfile-apasionada-seb2018-059-768x512.jpg 768w, https:\/\/www.apasionada.es\/blog\/wp-content\/uploads\/2018\/11\/desfile-apasionada-seb2018-059-1080x720.jpg 1080w, https:\/\/www.apasionada.es\/blog\/wp-content\/uploads\/2018\/11\/desfile-apasionada-seb2018-059.jpg 1600w\" sizes=\"(max-width: 700px) 100vw, 700px\" \/><\/a>\n\t\t\t<\/dt>\n\t\t\t\t<dd class='wp-caption-text gallery-caption' id='gallery-1-11003'>\n\t\t\t\tHelena Kramer\n\t\t\t\t<\/dd><\/dl><br style=\"clear: both\" \/><dl class='gallery-item'>\n\t\t\t<dt class='gallery-icon landscape'>\n\t\t\t\t<a href='https:\/\/www.apasionada.es\/blog\/wp-content\/uploads\/2018\/11\/desfile-apasionada-seb2018-060.jpg'><img loading=\"lazy\" decoding=\"async\" width=\"700\" height=\"467\" src=\"https:\/\/www.apasionada.es\/blog\/wp-content\/uploads\/2018\/11\/desfile-apasionada-seb2018-060-700x467.jpg\" class=\"attachment-large size-large\" alt=\"\" aria-describedby=\"gallery-1-11004\" srcset=\"https:\/\/www.apasionada.es\/blog\/wp-content\/uploads\/2018\/11\/desfile-apasionada-seb2018-060-700x467.jpg 700w, https:\/\/www.apasionada.es\/blog\/wp-content\/uploads\/2018\/11\/desfile-apasionada-seb2018-060-300x200.jpg 300w, https:\/\/www.apasionada.es\/blog\/wp-content\/uploads\/2018\/11\/desfile-apasionada-seb2018-060-768x512.jpg 768w, https:\/\/www.apasionada.es\/blog\/wp-content\/uploads\/2018\/11\/desfile-apasionada-seb2018-060-1080x720.jpg 1080w, https:\/\/www.apasionada.es\/blog\/wp-content\/uploads\/2018\/11\/desfile-apasionada-seb2018-060.jpg 1600w\" sizes=\"(max-width: 700px) 100vw, 700px\" \/><\/a>\n\t\t\t<\/dt>\n\t\t\t\t<dd class='wp-caption-text gallery-caption' id='gallery-1-11004'>\n\t\t\t\tHelena Kramer\n\t\t\t\t<\/dd><\/dl><dl class='gallery-item'>\n\t\t\t<dt class='gallery-icon portrait'>\n\t\t\t\t<a href='https:\/\/www.apasionada.es\/blog\/wp-content\/uploads\/2018\/11\/desfile-apasionada-seb2018-061.jpg'><img loading=\"lazy\" decoding=\"async\" width=\"683\" height=\"1024\" src=\"https:\/\/www.apasionada.es\/blog\/wp-content\/uploads\/2018\/11\/desfile-apasionada-seb2018-061-683x1024.jpg\" class=\"attachment-large size-large\" alt=\"\" aria-describedby=\"gallery-1-11005\" srcset=\"https:\/\/www.apasionada.es\/blog\/wp-content\/uploads\/2018\/11\/desfile-apasionada-seb2018-061-683x1024.jpg 683w, https:\/\/www.apasionada.es\/blog\/wp-content\/uploads\/2018\/11\/desfile-apasionada-seb2018-061-200x300.jpg 200w, https:\/\/www.apasionada.es\/blog\/wp-content\/uploads\/2018\/11\/desfile-apasionada-seb2018-061-768x1152.jpg 768w, https:\/\/www.apasionada.es\/blog\/wp-content\/uploads\/2018\/11\/desfile-apasionada-seb2018-061.jpg 1067w\" sizes=\"(max-width: 683px) 100vw, 683px\" \/><\/a>\n\t\t\t<\/dt>\n\t\t\t\t<dd class='wp-caption-text gallery-caption' id='gallery-1-11005'>\n\t\t\t\tHelena Kramer\n\t\t\t\t<\/dd><\/dl><br style=\"clear: both\" \/><dl class='gallery-item'>\n\t\t\t<dt class='gallery-icon portrait'>\n\t\t\t\t<a href='https:\/\/www.apasionada.es\/blog\/wp-content\/uploads\/2018\/11\/desfile-apasionada-seb2018-062.jpg'><img loading=\"lazy\" decoding=\"async\" width=\"683\" height=\"1024\" src=\"https:\/\/www.apasionada.es\/blog\/wp-content\/uploads\/2018\/11\/desfile-apasionada-seb2018-062-683x1024.jpg\" class=\"attachment-large size-large\" alt=\"\" aria-describedby=\"gallery-1-11006\" srcset=\"https:\/\/www.apasionada.es\/blog\/wp-content\/uploads\/2018\/11\/desfile-apasionada-seb2018-062-683x1024.jpg 683w, https:\/\/www.apasionada.es\/blog\/wp-content\/uploads\/2018\/11\/desfile-apasionada-seb2018-062-200x300.jpg 200w, https:\/\/www.apasionada.es\/blog\/wp-content\/uploads\/2018\/11\/desfile-apasionada-seb2018-062-768x1152.jpg 768w, https:\/\/www.apasionada.es\/blog\/wp-content\/uploads\/2018\/11\/desfile-apasionada-seb2018-062.jpg 1067w\" sizes=\"(max-width: 683px) 100vw, 683px\" \/><\/a>\n\t\t\t<\/dt>\n\t\t\t\t<dd class='wp-caption-text gallery-caption' id='gallery-1-11006'>\n\t\t\t\tAyesa X Love\n\t\t\t\t<\/dd><\/dl><dl class='gallery-item'>\n\t\t\t<dt class='gallery-icon portrait'>\n\t\t\t\t<a href='https:\/\/www.apasionada.es\/blog\/wp-content\/uploads\/2018\/11\/desfile-apasionada-seb2018-063.jpg'><img loading=\"lazy\" decoding=\"async\" width=\"682\" height=\"1024\" src=\"https:\/\/www.apasionada.es\/blog\/wp-content\/uploads\/2018\/11\/desfile-apasionada-seb2018-063-682x1024.jpg\" class=\"attachment-large size-large\" alt=\"\" aria-describedby=\"gallery-1-11007\" srcset=\"https:\/\/www.apasionada.es\/blog\/wp-content\/uploads\/2018\/11\/desfile-apasionada-seb2018-063-682x1024.jpg 682w, https:\/\/www.apasionada.es\/blog\/wp-content\/uploads\/2018\/11\/desfile-apasionada-seb2018-063-200x300.jpg 200w, https:\/\/www.apasionada.es\/blog\/wp-content\/uploads\/2018\/11\/desfile-apasionada-seb2018-063-768x1153.jpg 768w, https:\/\/www.apasionada.es\/blog\/wp-content\/uploads\/2018\/11\/desfile-apasionada-seb2018-063.jpg 1066w\" sizes=\"(max-width: 682px) 100vw, 682px\" \/><\/a>\n\t\t\t<\/dt>\n\t\t\t\t<dd class='wp-caption-text gallery-caption' id='gallery-1-11007'>\n\t\t\t\tAyesa X Love\n\t\t\t\t<\/dd><\/dl><br style=\"clear: both\" \/><dl class='gallery-item'>\n\t\t\t<dt class='gallery-icon portrait'>\n\t\t\t\t<a href='https:\/\/www.apasionada.es\/blog\/wp-content\/uploads\/2018\/11\/desfile-apasionada-seb2018-064.jpg'><img loading=\"lazy\" decoding=\"async\" width=\"683\" height=\"1024\" src=\"https:\/\/www.apasionada.es\/blog\/wp-content\/uploads\/2018\/11\/desfile-apasionada-seb2018-064-683x1024.jpg\" class=\"attachment-large size-large\" alt=\"\" aria-describedby=\"gallery-1-11008\" srcset=\"https:\/\/www.apasionada.es\/blog\/wp-content\/uploads\/2018\/11\/desfile-apasionada-seb2018-064-683x1024.jpg 683w, https:\/\/www.apasionada.es\/blog\/wp-content\/uploads\/2018\/11\/desfile-apasionada-seb2018-064-200x300.jpg 200w, https:\/\/www.apasionada.es\/blog\/wp-content\/uploads\/2018\/11\/desfile-apasionada-seb2018-064-768x1152.jpg 768w, https:\/\/www.apasionada.es\/blog\/wp-content\/uploads\/2018\/11\/desfile-apasionada-seb2018-064.jpg 1067w\" sizes=\"(max-width: 683px) 100vw, 683px\" \/><\/a>\n\t\t\t<\/dt>\n\t\t\t\t<dd class='wp-caption-text gallery-caption' id='gallery-1-11008'>\n\t\t\t\tAyesa X Love\n\t\t\t\t<\/dd><\/dl><dl class='gallery-item'>\n\t\t\t<dt class='gallery-icon portrait'>\n\t\t\t\t<a href='https:\/\/www.apasionada.es\/blog\/wp-content\/uploads\/2018\/11\/desfile-apasionada-seb2018-065.jpg'><img loading=\"lazy\" decoding=\"async\" width=\"682\" height=\"1024\" src=\"https:\/\/www.apasionada.es\/blog\/wp-content\/uploads\/2018\/11\/desfile-apasionada-seb2018-065-682x1024.jpg\" class=\"attachment-large size-large\" alt=\"\" aria-describedby=\"gallery-1-11009\" srcset=\"https:\/\/www.apasionada.es\/blog\/wp-content\/uploads\/2018\/11\/desfile-apasionada-seb2018-065-682x1024.jpg 682w, https:\/\/www.apasionada.es\/blog\/wp-content\/uploads\/2018\/11\/desfile-apasionada-seb2018-065-200x300.jpg 200w, https:\/\/www.apasionada.es\/blog\/wp-content\/uploads\/2018\/11\/desfile-apasionada-seb2018-065-768x1153.jpg 768w, https:\/\/www.apasionada.es\/blog\/wp-content\/uploads\/2018\/11\/desfile-apasionada-seb2018-065.jpg 1066w\" sizes=\"(max-width: 682px) 100vw, 682px\" \/><\/a>\n\t\t\t<\/dt>\n\t\t\t\t<dd class='wp-caption-text gallery-caption' id='gallery-1-11009'>\n\t\t\t\tAyesa X Love\n\t\t\t\t<\/dd><\/dl><br style=\"clear: both\" \/><dl class='gallery-item'>\n\t\t\t<dt class='gallery-icon portrait'>\n\t\t\t\t<a href='https:\/\/www.apasionada.es\/blog\/wp-content\/uploads\/2018\/11\/desfile-apasionada-seb2018-066.jpg'><img loading=\"lazy\" decoding=\"async\" width=\"683\" height=\"1024\" src=\"https:\/\/www.apasionada.es\/blog\/wp-content\/uploads\/2018\/11\/desfile-apasionada-seb2018-066-683x1024.jpg\" class=\"attachment-large size-large\" alt=\"\" aria-describedby=\"gallery-1-11010\" srcset=\"https:\/\/www.apasionada.es\/blog\/wp-content\/uploads\/2018\/11\/desfile-apasionada-seb2018-066-683x1024.jpg 683w, https:\/\/www.apasionada.es\/blog\/wp-content\/uploads\/2018\/11\/desfile-apasionada-seb2018-066-200x300.jpg 200w, https:\/\/www.apasionada.es\/blog\/wp-content\/uploads\/2018\/11\/desfile-apasionada-seb2018-066-768x1152.jpg 768w, https:\/\/www.apasionada.es\/blog\/wp-content\/uploads\/2018\/11\/desfile-apasionada-seb2018-066.jpg 1067w\" sizes=\"(max-width: 683px) 100vw, 683px\" \/><\/a>\n\t\t\t<\/dt>\n\t\t\t\t<dd class='wp-caption-text gallery-caption' id='gallery-1-11010'>\n\t\t\t\tAyesa X Love\n\t\t\t\t<\/dd><\/dl><dl class='gallery-item'>\n\t\t\t<dt class='gallery-icon landscape'>\n\t\t\t\t<a href='https:\/\/www.apasionada.es\/blog\/wp-content\/uploads\/2018\/11\/desfile-apasionada-seb2018-067.jpg'><img loading=\"lazy\" decoding=\"async\" width=\"700\" height=\"467\" src=\"https:\/\/www.apasionada.es\/blog\/wp-content\/uploads\/2018\/11\/desfile-apasionada-seb2018-067-700x467.jpg\" class=\"attachment-large size-large\" alt=\"\" aria-describedby=\"gallery-1-11011\" srcset=\"https:\/\/www.apasionada.es\/blog\/wp-content\/uploads\/2018\/11\/desfile-apasionada-seb2018-067-700x467.jpg 700w, https:\/\/www.apasionada.es\/blog\/wp-content\/uploads\/2018\/11\/desfile-apasionada-seb2018-067-300x200.jpg 300w, https:\/\/www.apasionada.es\/blog\/wp-content\/uploads\/2018\/11\/desfile-apasionada-seb2018-067-768x512.jpg 768w, https:\/\/www.apasionada.es\/blog\/wp-content\/uploads\/2018\/11\/desfile-apasionada-seb2018-067-1080x720.jpg 1080w, https:\/\/www.apasionada.es\/blog\/wp-content\/uploads\/2018\/11\/desfile-apasionada-seb2018-067.jpg 1600w\" sizes=\"(max-width: 700px) 100vw, 700px\" \/><\/a>\n\t\t\t<\/dt>\n\t\t\t\t<dd class='wp-caption-text gallery-caption' id='gallery-1-11011'>\n\t\t\t\tDesfile Internacional de Moda Er\u00f3tica en el SEB 2018\n\t\t\t\t<\/dd><\/dl><br style=\"clear: both\" \/><dl class='gallery-item'>\n\t\t\t<dt class='gallery-icon landscape'>\n\t\t\t\t<a href='https:\/\/www.apasionada.es\/blog\/wp-content\/uploads\/2018\/11\/desfile-apasionada-seb2018-068.jpg'><img loading=\"lazy\" decoding=\"async\" width=\"700\" height=\"467\" src=\"https:\/\/www.apasionada.es\/blog\/wp-content\/uploads\/2018\/11\/desfile-apasionada-seb2018-068-700x467.jpg\" class=\"attachment-large size-large\" alt=\"\" aria-describedby=\"gallery-1-11012\" srcset=\"https:\/\/www.apasionada.es\/blog\/wp-content\/uploads\/2018\/11\/desfile-apasionada-seb2018-068-700x467.jpg 700w, https:\/\/www.apasionada.es\/blog\/wp-content\/uploads\/2018\/11\/desfile-apasionada-seb2018-068-300x200.jpg 300w, https:\/\/www.apasionada.es\/blog\/wp-content\/uploads\/2018\/11\/desfile-apasionada-seb2018-068-768x512.jpg 768w, https:\/\/www.apasionada.es\/blog\/wp-content\/uploads\/2018\/11\/desfile-apasionada-seb2018-068-1080x720.jpg 1080w, https:\/\/www.apasionada.es\/blog\/wp-content\/uploads\/2018\/11\/desfile-apasionada-seb2018-068.jpg 1600w\" sizes=\"(max-width: 700px) 100vw, 700px\" \/><\/a>\n\t\t\t<\/dt>\n\t\t\t\t<dd class='wp-caption-text gallery-caption' id='gallery-1-11012'>\n\t\t\t\tDesfile Internacional de Moda Er\u00f3tica en el SEB 2018\n\t\t\t\t<\/dd><\/dl><dl class='gallery-item'>\n\t\t\t<dt class='gallery-icon landscape'>\n\t\t\t\t<a href='https:\/\/www.apasionada.es\/blog\/wp-content\/uploads\/2018\/11\/desfile-apasionada-seb2018-069.jpg'><img loading=\"lazy\" decoding=\"async\" width=\"700\" height=\"467\" src=\"https:\/\/www.apasionada.es\/blog\/wp-content\/uploads\/2018\/11\/desfile-apasionada-seb2018-069-700x467.jpg\" class=\"attachment-large size-large\" alt=\"\" aria-describedby=\"gallery-1-11013\" srcset=\"https:\/\/www.apasionada.es\/blog\/wp-content\/uploads\/2018\/11\/desfile-apasionada-seb2018-069-700x467.jpg 700w, https:\/\/www.apasionada.es\/blog\/wp-content\/uploads\/2018\/11\/desfile-apasionada-seb2018-069-300x200.jpg 300w, https:\/\/www.apasionada.es\/blog\/wp-content\/uploads\/2018\/11\/desfile-apasionada-seb2018-069-768x512.jpg 768w, https:\/\/www.apasionada.es\/blog\/wp-content\/uploads\/2018\/11\/desfile-apasionada-seb2018-069-1080x720.jpg 1080w, https:\/\/www.apasionada.es\/blog\/wp-content\/uploads\/2018\/11\/desfile-apasionada-seb2018-069.jpg 1600w\" sizes=\"(max-width: 700px) 100vw, 700px\" \/><\/a>\n\t\t\t<\/dt>\n\t\t\t\t<dd class='wp-caption-text gallery-caption' id='gallery-1-11013'>\n\t\t\t\tDesfile Internacional de Moda Er\u00f3tica en el SEB 2018\n\t\t\t\t<\/dd><\/dl><br style=\"clear: both\" \/><dl class='gallery-item'>\n\t\t\t<dt class='gallery-icon landscape'>\n\t\t\t\t<a href='https:\/\/www.apasionada.es\/blog\/wp-content\/uploads\/2018\/11\/desfile-apasionada-seb2018-070.jpg'><img loading=\"lazy\" decoding=\"async\" width=\"700\" height=\"467\" src=\"https:\/\/www.apasionada.es\/blog\/wp-content\/uploads\/2018\/11\/desfile-apasionada-seb2018-070-700x467.jpg\" class=\"attachment-large size-large\" alt=\"\" aria-describedby=\"gallery-1-11014\" srcset=\"https:\/\/www.apasionada.es\/blog\/wp-content\/uploads\/2018\/11\/desfile-apasionada-seb2018-070-700x467.jpg 700w, https:\/\/www.apasionada.es\/blog\/wp-content\/uploads\/2018\/11\/desfile-apasionada-seb2018-070-300x200.jpg 300w, https:\/\/www.apasionada.es\/blog\/wp-content\/uploads\/2018\/11\/desfile-apasionada-seb2018-070-768x512.jpg 768w, https:\/\/www.apasionada.es\/blog\/wp-content\/uploads\/2018\/11\/desfile-apasionada-seb2018-070-1080x720.jpg 1080w, https:\/\/www.apasionada.es\/blog\/wp-content\/uploads\/2018\/11\/desfile-apasionada-seb2018-070.jpg 1600w\" sizes=\"(max-width: 700px) 100vw, 700px\" \/><\/a>\n\t\t\t<\/dt>\n\t\t\t\t<dd class='wp-caption-text gallery-caption' id='gallery-1-11014'>\n\t\t\t\tDesfile Internacional de Moda Er\u00f3tica en el SEB 2018\n\t\t\t\t<\/dd><\/dl><dl class='gallery-item'>\n\t\t\t<dt class='gallery-icon landscape'>\n\t\t\t\t<a href='https:\/\/www.apasionada.es\/blog\/wp-content\/uploads\/2018\/11\/desfile-apasionada-seb2018-071.jpg'><img loading=\"lazy\" decoding=\"async\" width=\"700\" height=\"467\" src=\"https:\/\/www.apasionada.es\/blog\/wp-content\/uploads\/2018\/11\/desfile-apasionada-seb2018-071-700x467.jpg\" class=\"attachment-large size-large\" alt=\"\" aria-describedby=\"gallery-1-11015\" srcset=\"https:\/\/www.apasionada.es\/blog\/wp-content\/uploads\/2018\/11\/desfile-apasionada-seb2018-071-700x467.jpg 700w, https:\/\/www.apasionada.es\/blog\/wp-content\/uploads\/2018\/11\/desfile-apasionada-seb2018-071-300x200.jpg 300w, https:\/\/www.apasionada.es\/blog\/wp-content\/uploads\/2018\/11\/desfile-apasionada-seb2018-071-768x512.jpg 768w, https:\/\/www.apasionada.es\/blog\/wp-content\/uploads\/2018\/11\/desfile-apasionada-seb2018-071-1080x720.jpg 1080w, https:\/\/www.apasionada.es\/blog\/wp-content\/uploads\/2018\/11\/desfile-apasionada-seb2018-071.jpg 1600w\" sizes=\"(max-width: 700px) 100vw, 700px\" \/><\/a>\n\t\t\t<\/dt>\n\t\t\t\t<dd class='wp-caption-text gallery-caption' id='gallery-1-11015'>\n\t\t\t\tDesfile Internacional de Moda Er\u00f3tica en el SEB 2018\n\t\t\t\t<\/dd><\/dl><br style=\"clear: both\" \/>\n\t\t<\/div>\n\n<\/div><\/div><\/div><\/div><\/div>","protected":false},"excerpt":{"rendered":"","protected":false},"author":3,"featured_media":11013,"comment_status":"open","ping_status":"open","sticky":false,"template":"","format":"standard","meta":{"footnotes":""},"categories":[1],"tags":[],"class_list":["post-10944","post","type-post","status-publish","format-standard","has-post-thumbnail","hentry","category-uncategorized"],"_links":{"self":[{"href":"https:\/\/www.apasionada.es\/blog\/wp-json\/wp\/v2\/posts\/10944","targetHints":{"allow":["GET"]}}],"collection":[{"href":"https:\/\/www.apasionada.es\/blog\/wp-json\/wp\/v2\/posts"}],"about":[{"href":"https:\/\/www.apasionada.es\/blog\/wp-json\/wp\/v2\/types\/post"}],"author":[{"embeddable":true,"href":"https:\/\/www.apasionada.es\/blog\/wp-json\/wp\/v2\/users\/3"}],"replies":[{"embeddable":true,"href":"https:\/\/www.apasionada.es\/blog\/wp-json\/wp\/v2\/comments?post=10944"}],"version-history":[{"count":3,"href":"https:\/\/www.apasionada.es\/blog\/wp-json\/wp\/v2\/posts\/10944\/revisions"}],"predecessor-version":[{"id":11849,"href":"https:\/\/www.apasionada.es\/blog\/wp-json\/wp\/v2\/posts\/10944\/revisions\/11849"}],"wp:featuredmedia":[{"embeddable":true,"href":"https:\/\/www.apasionada.es\/blog\/wp-json\/wp\/v2\/media\/11013"}],"wp:attachment":[{"href":"https:\/\/www.apasionada.es\/blog\/wp-json\/wp\/v2\/media?parent=10944"}],"wp:term":[{"taxonomy":"category","embeddable":true,"href":"https:\/\/www.apasionada.es\/blog\/wp-json\/wp\/v2\/categories?post=10944"},{"taxonomy":"post_tag","embeddable":true,"href":"https:\/\/www.apasionada.es\/blog\/wp-json\/wp\/v2\/tags?post=10944"}],"curies":[{"name":"wp","href":"https:\/\/api.w.org\/{rel}","templated":true}]}}